{"id":56084,"date":"2026-01-05T13:45:32","date_gmt":"2026-01-05T13:45:32","guid":{"rendered":"https:\/\/247stiri.ro\/index.php\/2026\/01\/05\/tata-retinut-dupa-ce-si-a-agresat-fiul-minor-si-si-a-amenintat-familia-cu-un-cutit-ordin-de-protectie-emis-de-politisti\/"},"modified":"2026-01-05T13:45:32","modified_gmt":"2026-01-05T13:45:32","slug":"tata-retinut-dupa-ce-si-a-agresat-fiul-minor-si-si-a-amenintat-familia-cu-un-cutit-ordin-de-protectie-emis-de-politisti","status":"publish","type":"post","link":"https:\/\/247stiri.ro\/index.php\/2026\/01\/05\/tata-retinut-dupa-ce-si-a-agresat-fiul-minor-si-si-a-amenintat-familia-cu-un-cutit-ordin-de-protectie-emis-de-politisti\/","title":{"rendered":"Tat\u0103 re\u021binut dup\u0103 ce \u0219i-a agresat fiul minor \u0219i \u0219i-a amenin\u021bat familia cu un cu\u021bit. Ordin de protec\u021bie emis de poli\u021bi\u0219ti"},"content":{"rendered":"<p>Ce au transmis oamenii legii?<\/p>\n<p><a href=\"https:\/\/www.realitatea.net\/stiri\/actual\/barbat-arestat-dupa-ce-a-taiat-dispozitivul-electronic-de-supraveghere-si-a-incalcat-ordinul-de-protectie_695bab3b6bfc8215582592f2\" target=\"_blank\">Incidentul a fost semnalat<\/a> autorit\u0103\u021bilor \u00een data de 31 decembrie, \u00een jurul orei 19:00, printr-un apel la num\u0103rul unic de urgen\u021b\u0103 112 efectuat de fiica b\u0103rbatului, \u00een v\u00e2rst\u0103 de 13 ani. Poli\u021bi\u0219tii Sec\u021biei 6 Poli\u021bie Rural\u0103 T\u00e2rgu C\u0103rbune\u0219ti s-au deplasat de urgen\u021b\u0103 la locuin\u021ba familiei din satul Chiciora, unde au constatat c\u0103 \u00eentre membrii familiei avusese loc un conflict violent.<\/p>\n<p>Potrivit verific\u0103rilor efectuate la fa\u021ba locului, pe fondul consumului de alcool, b\u0103rbatul ar fi intrat \u00eentr-o alterca\u021bie cu fiul s\u0103u de 15 ani, cei doi lovindu-se reciproc. Dup\u0103 apelul efectuat la 112, tat\u0103l ar fi devenit \u0219i mai agresiv, amenin\u021b\u00e2ndu-\u0219i so\u021bia \u0219i copiii cu un cu\u021bit \u0219i confisc\u00e2ndu-le telefoanele mobile pentru a-i \u00eempiedica s\u0103 mai contacteze autorit\u0103\u021bile. Ulterior, acesta a p\u0103r\u0103sit locuin\u021ba.<\/p>\n<p>Adolescentul prezenta zg\u00e2rieturi la nivelul g\u00e2tului, \u00eens\u0103 nu a solicitat \u00eengrijiri medicale. \u00cen urma evalu\u0103rii riscului, poli\u021bi\u0219tii au stabilit existen\u021ba unui pericol iminent \u0219i au emis pe numele b\u0103rbatului un ordin de protec\u021bie provizoriu. Totodat\u0103, din verific\u0103rile \u00een bazele de date a reie\u0219it c\u0103, \u0219i \u00een anul 2024, pe numele acestuia fusese emis un ordin similar, ca urmare a unor conflicte familiale.<\/p>\n<p><a href=\"https:\/\/www.realitatea.net\/stiri\/actual\/barbat-retinut-dupa-ce-a-ignorat-ordinul-de-protectie-si-a-vandalizat-dispozitivul-de-supraveghere_693551d61a3f12160f5192c3\" target=\"_blank\">Pentru identificarea \u0219i prinderea suspectului<\/a> a fost constituit\u0103 o echip\u0103 operativ\u0103 format\u0103 din poli\u021bi\u0219ti de investiga\u021bii criminale \u0219i lucr\u0103tori ai Poli\u021biei T\u00e2rgu C\u0103rbune\u0219ti, cu sprijinul lupt\u0103torilor Serviciului pentru Ac\u021biuni Speciale. B\u0103rbatul a fost depistat \u00een data de 3 ianuarie 2026, \u00een apropierea locuin\u021bei sale, \u0219i re\u021binut pentru 24 de ore.<\/p>\n<p>Ulterior, magistra\u021bii au dispus arestarea preventiv\u0103 a acestuia pentru o perioad\u0103 de 30 de zile, fiind \u00eencarcerat \u00een Centrul de Re\u021binere \u0219i Arestare Preventiv\u0103 Gorj. Ancheta este \u00een desf\u0103\u0219urare.<\/p>\n<p class=\"pf0\">\u00a0<\/p>","protected":false},"excerpt":{"rendered":"<p>Ce au transmis oamenii legii? Incidentul a fost semnalat autorit\u0103\u021bilor \u00een data de 31 decembrie,&hellip;<\/p>\n","protected":false},"author":0,"featured_media":56085,"comment_status":"open","ping_status":"open","sticky":false,"template":"","format":"standard","meta":{"footnotes":""},"categories":[2],"tags":[],"class_list":["post-56084","post","type-post","status-publish","format-standard","has-post-thumbnail","hentry","category-actual"],"_links":{"self":[{"href":"https:\/\/247stiri.ro\/index.php\/wp-json\/wp\/v2\/posts\/56084","targetHints":{"allow":["GET"]}}],"collection":[{"href":"https:\/\/247stiri.ro\/index.php\/wp-json\/wp\/v2\/posts"}],"about":[{"href":"https:\/\/247stiri.ro\/index.php\/wp-json\/wp\/v2\/types\/post"}],"replies":[{"embeddable":true,"href":"https:\/\/247stiri.ro\/index.php\/wp-json\/wp\/v2\/comments?post=56084"}],"version-history":[{"count":0,"href":"https:\/\/247stiri.ro\/index.php\/wp-json\/wp\/v2\/posts\/56084\/revisions"}],"wp:featuredmedia":[{"embeddable":true,"href":"https:\/\/247stiri.ro\/index.php\/wp-json\/wp\/v2\/media\/56085"}],"wp:attachment":[{"href":"https:\/\/247stiri.ro\/index.php\/wp-json\/wp\/v2\/media?parent=56084"}],"wp:term":[{"taxonomy":"category","embeddable":true,"href":"https:\/\/247stiri.ro\/index.php\/wp-json\/wp\/v2\/categories?post=56084"},{"taxonomy":"post_tag","embeddable":true,"href":"https:\/\/247stiri.ro\/index.php\/wp-json\/wp\/v2\/tags?post=56084"}],"curies":[{"name":"wp","href":"https:\/\/api.w.org\/{rel}","templated":true}]}}