{"id":56106,"date":"2026-01-05T14:45:46","date_gmt":"2026-01-05T14:45:46","guid":{"rendered":"https:\/\/247stiri.ro\/index.php\/2026\/01\/05\/anca-alexandrescu-despre-previziunile-lui-calin-georgescu-asta-va-fi-evolutia-este-de-fapt-inlocuirea-unei-ordini-cu-o-noua-ordine\/"},"modified":"2026-01-05T14:45:46","modified_gmt":"2026-01-05T14:45:46","slug":"anca-alexandrescu-despre-previziunile-lui-calin-georgescu-asta-va-fi-evolutia-este-de-fapt-inlocuirea-unei-ordini-cu-o-noua-ordine","status":"publish","type":"post","link":"https:\/\/247stiri.ro\/index.php\/2026\/01\/05\/anca-alexandrescu-despre-previziunile-lui-calin-georgescu-asta-va-fi-evolutia-este-de-fapt-inlocuirea-unei-ordini-cu-o-noua-ordine\/","title":{"rendered":"Anca Alexandrescu, despre previziunile lui C\u0103lin Georgescu: \u201eAsta va fi evolu\u021bia, este de fapt \u00eenlocuirea unei ordini cu o nou\u0103 ordine\u201d"},"content":{"rendered":"<p>\u201eEste logic, Calin Georgescu de altfel nu spune lucrul acesta doar de 6 luni. C\u0103lin Georgescu explic\u0103 ce se va \u00eent\u00e2mpla \u00een lume cel pu\u021bin din 2020, de c\u00e2nd venea la mine \u00een emisiune. Asta va fi evolu\u021bia, este de fapt \u00eenlocuirea unei ordini cu o nou\u0103 ordine. Voi vorbi disear\u0103 despre lucrurile acestea \u00een emisiune. Am urm\u0103rit tot ceea ce s-a \u00eent\u00e2mplat \u00een aceast\u0103 perioad\u0103, m\u0103 \u00eengroze\u0219te t\u0103cerea de la Bucure\u0219ti, lipsa de \u00een\u021belegere a unora, \u0219i duplicitatea altora. Nu are nicio leg\u0103tur\u0103 pe fond ceea ce s-a \u00eent\u00e2mplat cu Rom\u00e2nia, dar m\u0103 \u00eengrijoreaz\u0103 faptul c\u0103 Rom\u00e2nia \u00een continuare nu exist\u0103 nic\u0103ieri, a\u0219teapt\u0103 \u00een continuare s\u0103 vin\u0103 ordinele sau plicul de la Bruxelles cu mesajele pe care trebuie s\u0103 le dea la Bucure\u0219ti.<\/p>\n<p>M-am uitat cu aten\u021bie, principalii lideri de la putere nu au scos niciun cuv\u00e2nt despre ceea ce se \u00eent\u00e2mpl\u0103 \u00een lume. M\u0103 uit \u0219i la comentariile de la Bruxelles, \u0219i la comentariile de la Paris. Un Macron care a comentat timid \u00een prima faz\u0103 dup\u0103 ce a fost m\u0103turat de c\u0103tre comentatori a revenit ast\u0103zi pe pozi\u021bie s\u0103 zic\u0103 a\u0219a, de pisicu\u021b pe modelul lui Ponta \u00een fa\u021ba lui B\u0103sescu. Lucrurile sunt extrem de complexe, se deruleaz\u0103 cu rapiditate. M\u0103 uit la declara\u021biile care vin din America, am v\u0103zut \u0219i ceea ce a spus Rubio, am v\u0103zut \u0219i ceea ce spune Donald Trump. Am citit zilele trecute o analiz\u0103 a lui Bogdan Tiberiu Iacob, apropo de ceea ce se \u00eent\u00e2mpl\u0103, miza de acolo, desigur c\u0103 \u0219i resursele, Venezuela av\u00e2nd cele mai mari rezerve de petrol din lume, 20% din \u00eentreaga rezerv\u0103 a lumii, dar, a\u0219a cum am spus, e vorba de o nou\u0103 ordine care se instaureaz\u0103.<\/p>\n<p>Din p\u0103cate, Rom\u00e2nia este \u00een afara jocului,. este \u00een continuare at\u00e2rn\u0103toare, \u0219i sunt foarte atent\u0103 c\u00e2nd spun lucrul \u0103sta, la brelocul celor de la Bruxelles, adic\u0103 suntem \u00eentr-o situa\u021bie foarte grav\u0103, asta \u00een timp ce tot mai mul\u021bi cet\u0103\u021beni care au avut \u00eencredere \u00een Nicu\u0219or Dan \u0219i Ilie Bolojan, \u0219i au votat anul trecut \u00een ideea c\u0103 direc\u021bia aceasta pro-european\u0103 pe care suntem \u0219i noi desigur le va aduce ceva bun, din p\u0103cate constat\u0103 to\u021bi ast\u0103zi c\u00e2nd se duc s\u0103 \u00ee\u0219i pl\u0103teasc\u0103 taxele \u0219i impozitele c\u0103 Rom\u00e2nia nu exist\u0103, \u00een timp ce Bolojan mai d\u0103 50 de milioane de euro \u00een Ucraina. Bolnavii de cancer, cei cu dizabilit\u0103\u021bi sunt dispera\u021bi pentru c\u0103 li s-au t\u0103iat toate drepturile, le-au crescut toate taxele \u0219i impozitele, iar situa\u021bia pentru Rom\u00e2nia arart\u0103 din ce \u00een ce mai r\u0103u.<\/p>\n<p>Da, Calin Georgescu are dreptate, sunt convins\u0103 c\u0103 anul acesta va fi nu numai anul schimb\u0103rilor \u00een lume ci \u0219i anul adev\u0103rului \u00een Rom\u00e2nia. \u0218i apropo, vreau s\u0103 \u00eei transmit lui Nicu\u0219or Dan \u00eenainte de ora 21 c\u00e2nd vin la emisiune, c\u0103 a\u0219tept s\u0103 desecretizeze \u0219edin\u021ba CSAT \u0219i s\u0103 ne arate dovezile \u00een baza c\u0103rora s-au anulat alegerile c\u0103 altfel, a\u0219a cum spunea C\u0103lin Georgescu, va veni valul \u0219i \u00een Europa.Din p\u0103cate nu suntem sub umbrela nim\u0103nui. Fiecare este pe cont propriu, este foarte clar c\u0103 Uniunea European\u0103 nu \u00ee\u0219i mai justific\u0103 actuala organizare sau menirea pe care a avut-o de la \u00eenfiin\u021bare. E nevoie de o schimbare profund\u0103 a Uniunii Europene dar nu \u00een sensul pe care \u0219i-l doresc globali\u0219tii, ci \u00een sensul \u00een care a fost g\u00e2ndit\u0103 de fapt aceast\u0103 institu\u021bie.<\/p>\n<p>De asta am spus c\u0103 m\u0103 uit cu \u00eengrijorare la ce se \u00eent\u00e2mpl\u0103, pentru c\u0103 Rom\u00e2nia nu conteaz\u0103, nu exist\u0103. Se vede de altfel din ceea ce s-a \u00eent\u00e2mplat \u00een ultimul an, Rom\u00e2nia este izolat\u0103, Nicu\u0219or Dan este un maimu\u021boi la Cotroceni care nici m\u0103car un mesaj nu a fost \u00een stare s\u0103 dea propriului popor. A\u0219teapt\u0103 s\u0103 primeasc\u0103 mesajele de la st\u0103p\u00e2nii s\u0103i, din p\u0103cate doar noi, rom\u00e2nii, poporul, putem s\u0103 schimb\u0103m lucrurile astea, nimeni altcineva\u201d, a spus Anca Alexandrescu la Realitatea Plus.<\/p>\n<p><a title='Anca Alexandrescu demasca ipocrizia si dubla masura a rezistilor: ,,Atunci cand noi tipam ca trebuie schimbata legea CCR ne amenintau cu dosare penale, cu inchiderea televiziunii\"' href=\"https:\/\/www.realitatea.net\/stiri\/actual\/anca-alexandrescu-demasca-ipocrizia-si-dubla-masura-a-rezistilor-atunci-cand-noi-tipam-ca-trebuie-schimbata-legea-ccr-ne-amenintau-cu-dosare-penale-cu-inchiderea-televiziunii_695293e11e20ef50176d5a71\">Anca Alexandrescu demasc\u0103 ipocrizia \u0219i dubla m\u0103sur\u0103 a rezi\u0219tilor: \u201eAtunci c\u00e2nd noi \u021bipam c\u0103 trebuie schimbat\u0103 legea CCR ne amenin\u021bau cu dosare<\/a><\/p>","protected":false},"excerpt":{"rendered":"<p>\u201eEste logic, Calin Georgescu de altfel nu spune lucrul acesta doar de 6 luni. C\u0103lin&hellip;<\/p>\n","protected":false},"author":0,"featured_media":56107,"comment_status":"open","ping_status":"open","sticky":false,"template":"","format":"standard","meta":{"footnotes":""},"categories":[2],"tags":[],"class_list":["post-56106","post","type-post","status-publish","format-standard","has-post-thumbnail","hentry","category-actual"],"_links":{"self":[{"href":"https:\/\/247stiri.ro\/index.php\/wp-json\/wp\/v2\/posts\/56106","targetHints":{"allow":["GET"]}}],"collection":[{"href":"https:\/\/247stiri.ro\/index.php\/wp-json\/wp\/v2\/posts"}],"about":[{"href":"https:\/\/247stiri.ro\/index.php\/wp-json\/wp\/v2\/types\/post"}],"replies":[{"embeddable":true,"href":"https:\/\/247stiri.ro\/index.php\/wp-json\/wp\/v2\/comments?post=56106"}],"version-history":[{"count":0,"href":"https:\/\/247stiri.ro\/index.php\/wp-json\/wp\/v2\/posts\/56106\/revisions"}],"wp:featuredmedia":[{"embeddable":true,"href":"https:\/\/247stiri.ro\/index.php\/wp-json\/wp\/v2\/media\/56107"}],"wp:attachment":[{"href":"https:\/\/247stiri.ro\/index.php\/wp-json\/wp\/v2\/media?parent=56106"}],"wp:term":[{"taxonomy":"category","embeddable":true,"href":"https:\/\/247stiri.ro\/index.php\/wp-json\/wp\/v2\/categories?post=56106"},{"taxonomy":"post_tag","embeddable":true,"href":"https:\/\/247stiri.ro\/index.php\/wp-json\/wp\/v2\/tags?post=56106"}],"curies":[{"name":"wp","href":"https:\/\/api.w.org\/{rel}","templated":true}]}}