{"id":56113,"date":"2026-01-05T14:45:49","date_gmt":"2026-01-05T14:45:49","guid":{"rendered":"https:\/\/247stiri.ro\/index.php\/2026\/01\/05\/raed-arafat-in-urma-sedintei-de-la-mai-in-ajun-de-boboteaza-10-000-de-persoane-nu-au-curent-electric-din-cauza-conditiilor-meteo\/"},"modified":"2026-01-05T14:45:49","modified_gmt":"2026-01-05T14:45:49","slug":"raed-arafat-in-urma-sedintei-de-la-mai-in-ajun-de-boboteaza-10-000-de-persoane-nu-au-curent-electric-din-cauza-conditiilor-meteo","status":"publish","type":"post","link":"https:\/\/247stiri.ro\/index.php\/2026\/01\/05\/raed-arafat-in-urma-sedintei-de-la-mai-in-ajun-de-boboteaza-10-000-de-persoane-nu-au-curent-electric-din-cauza-conditiilor-meteo\/","title":{"rendered":"Raed Arafat, \u00een urma \u0219edin\u021bei de la MAI, \u00een Ajun de Boboteaz\u0103: \u201e10.000 de persoane nu au curent electric din cauza condi\u0163iilor meteo\u201d"},"content":{"rendered":"<p>Anun\u021bul lansat de Raed Arafat<\/p>\n<p>Potrivit declara\u021biilor f\u0103cute luni, <a href=\"https:\/\/www.realitatea.net\/stiri\/actual\/autoritatile-in-alerta-din-cauza-vremii-severe-comandament-de-iarna-convocat-la-mai_695b8ecf7171722eb149ff12\" target=\"_blank\">\u00een cadrul unei conferin\u021be de pres\u0103<\/a>, \u00een jude\u021bul Alba sunt \u00eenregistrate \u00een prezent circa 10.000 de persoane nealimentate cu energie electric\u0103, \u00een timp ce \u00een jude\u021bul Hunedoara aproximativ 5.000 de locuitori se confrunt\u0103 cu aceea\u0219i problem\u0103. Arafat a subliniat c\u0103, de\u0219i impactul fenomenelor meteo a fost semnificativ, autorit\u0103\u021bile au reu\u0219it s\u0103 men\u021bin\u0103 situa\u021bia sub control, f\u0103r\u0103 a fi raportate cazuri critice.<\/p>\n<p>\u201eNu am avut evenimente majore sau situa\u021bii cu risc extrem, \u00eens\u0103 anumite jude\u021be au fost afectate mai serios, \u00een special \u00een ceea ce prive\u0219te furnizarea energiei electrice \u0219i, punctual, a apei potabile\u201d, a explicat \u0219eful DSU.<\/p>\n<p>Acesta a precizat c\u0103, la un moment dat, num\u0103rul total al consumatorilor f\u0103r\u0103 curent a dep\u0103\u0219it 90.000 la nivel na\u021bional, \u00eens\u0103 interven\u021biile rapide au dus la reducerea semnificativ\u0103 a acestei cifre. \u00cen Alba, de exemplu, de la peste 43.000 de utilizatori afecta\u021bi ini\u021bial, num\u0103rul a sc\u0103zut treptat p\u00e2n\u0103 la nivelul actual.<\/p>\n<p>Pentru a asigura continuitatea serviciilor esen\u021biale, autorit\u0103\u021bile au mobilizat generatoare de mare capacitate, at\u00e2t din partea operatorilor de electricitate, c\u00e2t \u0219i din rezervele Inspectoratului General pentru Situa\u021bii de Urgen\u021b\u0103, inclusiv din jude\u021bele \u00eenvecinate. Acestea au fost folosite temporar \u00een mai multe localit\u0103\u021bi, p\u00e2n\u0103 la remedierea defec\u021biunilor ap\u0103rute \u00een re\u021beaua electric\u0103, \u00een special \u00een zonele montane \u0219i \u00eemp\u0103durite, unde interven\u021biile sunt mai dificile.<\/p>\n<p>\u00cen prezent, \u00een jude\u021bul Alba ac\u021bioneaz\u0103 39 de echipe specializate pentru repararea liniilor de electricitate, iar \u00een Hunedoara sunt mobilizate peste 30 de echipe. \u201eSper\u0103m ca \u00een cel mai scurt timp s\u0103 restabilim alimentarea cu energie \u0219i s\u0103 nu mai fie necesar\u0103 utilizarea generatoarelor. Din p\u0103cate, nu toate zonele au putut fi conectate la acestea din motive tehnice, motiv pentru care prioritiz\u0103m remedierea defec\u021biunilor\u201d, a mai precizat Raed Arafat.<\/p>\n<p>Pe l\u00e2ng\u0103 problemele legate de electricitate, jude\u021bul Alba s-a confruntat temporar \u0219i cu \u00eentreruperi \u00een furnizarea apei potabile, afect\u00e2nd peste 8.000 de persoane. Situa\u021bia a fost \u00eens\u0103 rezolvat\u0103 integral, fie prin reluarea aliment\u0103rii cu energie, fie prin folosirea generatoarelor, astfel c\u0103, la acest moment, niciun consumator nu mai este privat de accesul la ap\u0103.<\/p>\n<p>\u201eDin fericire, putem s\u0103 spunem c\u0103 situa\u0163ii foarte grave sau situa\u0163ii grave, ca \u015fi impact al efectelor meteo, n-au avut loc, situa\u0163ia a fost sub control, dar unele jude\u0163e au fost, totu\u015fi, afectate mai mult, mai ales pe partea de furnizare a curentului electric \u015fi \u00een unele zone din jude\u0163ul Alba, a apei. Putem s\u0103 spunem c\u0103 am ajuns la un moment la peste 90.000 de utilizatori f\u0103r\u0103 curent, dar cifra este \u00een sc\u0103dere. Deci, pot s\u0103 dau doar exemplul jude\u0163ului Alba, care de la 43.000 ini\u0163ial f\u0103r\u0103 curent, acum 15 minute discut\u00e2nd cu inspectorul \u015fef \u015fi \u00een timpul videoconferin\u0163ei, suntem la acest moment la 10.000 f\u0103r\u0103 furnizare de curent electric, iar \u00een jude\u0163ul Hunedoara ne-au comunicat \u00een timpul videoconferin\u0163ei c\u0103 exist\u0103 \u00een jur la 5.000 de persoane f\u0103r\u0103 curent electric. Pe l\u00e2ng\u0103 generatoarele puse la dispozi\u0163ie de compania de electricitate care furnizeaz\u0103 curentul electric \u00een zona respectiv\u0103, s-au trimis generatoare de la Inspectoratul General pentru Situa\u0163ii de Urgen\u0163\u0103, din jude\u0163ele limitrofe, \u015fi care o parte din ele \u00eenc\u0103 asigur\u0103 furnizarea curentului electric \u00een unele comune, p\u00e2n\u0103 la remedierea problemei de \u00eentrerupere, \u015fi anume firele electrice care s-au \u00eentrerupt, mai ales \u00een zonele muntoase, \u00een zonele de p\u0103dure, \u015fi care necesit\u0103 timp mai mult \u015fi este o activitate \u00eengreunat\u0103. Sper\u0103m \u00een cel mai scurt timp s\u0103 remediem situa\u0163ia \u015fi s\u0103 nu mai fie nevoie de utilizarea generatoarelor. \u00cen acela\u015fi timp, nu toate zonele care au curentul \u00eentrerupt au putut fi conectate la generatoare, din motive tehnice. Nu peste tot s-a putut acest lucru, a\u015fa c\u0103 lu\u0103m \u00eenc\u0103 \u015fi prioritate rezolvarea acestei probleme. Nu mai avem, \u00een\u0163eleg, nicio persoan\u0103 r\u0103mas\u0103 f\u0103r\u0103 a furnizarea apei. \u015ei acest lucru, datorit\u0103 revenirii furniz\u0103rii curentului electric, fie prin rezolvarea total\u0103 a problemei, fie prin generatoarele care au fost puse la dispozi\u0163ie p\u00e2n\u0103 la rezolvarea problemei de c\u0103tre cei de la electricitate.\u201d, a declarat Raed Arafat.<\/p>\n<p>Autorit\u0103\u021bile continu\u0103 monitorizarea situa\u021biei \u0219i intervin \u00een regim de urgen\u021b\u0103 \u00een toate zonele unde persist\u0103 <a href=\"https:\/\/www.realitatea.net\/stiri\/actual\/coloane-pe-dn1-spre-brasov-trafic-infernal-pe-valea-prahovei-sau-format-cozi-kilometrice-fotovideo_695ba93b13becc72bf6d7fc7\" target=\"_blank\">problemele cauzate de vremea sever\u0103.<\/a><\/p>","protected":false},"excerpt":{"rendered":"<p>Anun\u021bul lansat de Raed Arafat Potrivit declara\u021biilor f\u0103cute luni, \u00een cadrul unei conferin\u021be de pres\u0103,&hellip;<\/p>\n","protected":false},"author":0,"featured_media":56114,"comment_status":"open","ping_status":"open","sticky":false,"template":"","format":"standard","meta":{"footnotes":""},"categories":[2],"tags":[],"class_list":["post-56113","post","type-post","status-publish","format-standard","has-post-thumbnail","hentry","category-actual"],"_links":{"self":[{"href":"https:\/\/247stiri.ro\/index.php\/wp-json\/wp\/v2\/posts\/56113","targetHints":{"allow":["GET"]}}],"collection":[{"href":"https:\/\/247stiri.ro\/index.php\/wp-json\/wp\/v2\/posts"}],"about":[{"href":"https:\/\/247stiri.ro\/index.php\/wp-json\/wp\/v2\/types\/post"}],"replies":[{"embeddable":true,"href":"https:\/\/247stiri.ro\/index.php\/wp-json\/wp\/v2\/comments?post=56113"}],"version-history":[{"count":0,"href":"https:\/\/247stiri.ro\/index.php\/wp-json\/wp\/v2\/posts\/56113\/revisions"}],"wp:featuredmedia":[{"embeddable":true,"href":"https:\/\/247stiri.ro\/index.php\/wp-json\/wp\/v2\/media\/56114"}],"wp:attachment":[{"href":"https:\/\/247stiri.ro\/index.php\/wp-json\/wp\/v2\/media?parent=56113"}],"wp:term":[{"taxonomy":"category","embeddable":true,"href":"https:\/\/247stiri.ro\/index.php\/wp-json\/wp\/v2\/categories?post=56113"},{"taxonomy":"post_tag","embeddable":true,"href":"https:\/\/247stiri.ro\/index.php\/wp-json\/wp\/v2\/tags?post=56113"}],"curies":[{"name":"wp","href":"https:\/\/api.w.org\/{rel}","templated":true}]}}