{"id":56121,"date":"2026-01-05T15:44:48","date_gmt":"2026-01-05T15:44:48","guid":{"rendered":"https:\/\/247stiri.ro\/index.php\/2026\/01\/05\/ilie-bolojan-marturiseste-ca-nu-si-a-platit-taxele-majorate-eu-nu-am-instalata-aplicatia\/"},"modified":"2026-01-05T15:44:48","modified_gmt":"2026-01-05T15:44:48","slug":"ilie-bolojan-marturiseste-ca-nu-si-a-platit-taxele-majorate-eu-nu-am-instalata-aplicatia","status":"publish","type":"post","link":"https:\/\/247stiri.ro\/index.php\/2026\/01\/05\/ilie-bolojan-marturiseste-ca-nu-si-a-platit-taxele-majorate-eu-nu-am-instalata-aplicatia\/","title":{"rendered":"Ilie Bolojan m\u0103rturise\u0219te c\u0103 nu \u0219i-a pl\u0103tit taxele majorate: \u201eEu nu am instalat\u0103 aplica\u021bia"},"content":{"rendered":"<p>Mai mult, <a href=\"https:\/\/www.realitatea.net\/stiri\/actual\/bolojan-a-lasat-neatinse-salariile-uriase-ale-bugetarilor-de-top-in-timp-ce-taxele-romanilor-sau-triplat-lista-posturilor-platite-regeste_695ba376b03ccc68e8014ac2\" target=\"_blank\">premierul sus\u021bine<\/a> c\u0103 m\u0103rirea impozitelor era singura metod\u0103 prin care proiectele dezvoltate de administra\u021bia local\u0103 ar fi putut continua.<\/p>\n<p>Ilie Bolojan nu folose\u0219te Ghi\u0219eul.ro<\/p>\n<p>-Sunte\u021bi \u0219i dumneavoastr\u0103 cet\u0103\u021bean al acestei \u021b\u0103ri. Ave\u021bi instalat\u0103 aplica\u021bia Ghileul.ro?<\/p>\n<p>-Eu, personal, nu o am instalat\u0103.<\/p>\n<p>-Dumneavoastr\u0103 v-a\u021bi pl\u0103tit pe 2026?<\/p>\n<p>-Pe 2026 nu.<\/p>\n<p>-Ave\u021bi o scutire o reducere?<\/p>\n<p>-Cei care pl\u0103tesc mai repede au un discount \u00een func\u021bie de localitate. Unii 4%, al\u021bii&#8230;depinde.<\/p>\n<p>-V-au crescut \u0219i dumneavoastr\u0103?<\/p>\n<p>-La toate <a href=\"https:\/\/www.realitatea.net\/stiri\/actual\/tupeul-lui-ilie-bolojan-romanii-au-biruri-triple-premierul-spune-ca-nu-sa-intamplat-asta_695b852444720014403efa08\" target=\"_blank\">persoanele fizice din Rom\u00e2nia<\/a> au crescut impozitele cu data de 1 ianuarie. De ce a trebuit sa facem asta?<\/p>\n<p>Dat fiind deficitele pe care le are Rom\u00e2nia, noi nu mai putem s\u0103 transfer\u0103m c\u0103tre autorit\u0103\u021bile locale sumele pe care le-am transferat \u00een ace\u0219ti ani&#8230;pentru c\u0103 ace\u0219ti bani nu \u00eei aveam, \u00eei \u00eemprumutam \u0219i pl\u0103team ni\u0219te dob\u00e2nzi enorme care ne-au dus \u00een situa\u021bia \u00een care suntem.<\/p>\n<p>Practic pentru a continua aceste investi\u021bii, ele vor fi finan\u021bate din aceste pl\u0103\u021bi suplimentare care \u00eenseamn\u0103 condi\u021bii mai bune pentru oameni.<\/p>","protected":false},"excerpt":{"rendered":"<p>Mai mult, premierul sus\u021bine c\u0103 m\u0103rirea impozitelor era singura metod\u0103 prin care proiectele dezvoltate de&hellip;<\/p>\n","protected":false},"author":0,"featured_media":56122,"comment_status":"open","ping_status":"open","sticky":false,"template":"","format":"standard","meta":{"footnotes":""},"categories":[3],"tags":[],"class_list":["post-56121","post","type-post","status-publish","format-standard","has-post-thumbnail","hentry","category-politica"],"_links":{"self":[{"href":"https:\/\/247stiri.ro\/index.php\/wp-json\/wp\/v2\/posts\/56121","targetHints":{"allow":["GET"]}}],"collection":[{"href":"https:\/\/247stiri.ro\/index.php\/wp-json\/wp\/v2\/posts"}],"about":[{"href":"https:\/\/247stiri.ro\/index.php\/wp-json\/wp\/v2\/types\/post"}],"replies":[{"embeddable":true,"href":"https:\/\/247stiri.ro\/index.php\/wp-json\/wp\/v2\/comments?post=56121"}],"version-history":[{"count":0,"href":"https:\/\/247stiri.ro\/index.php\/wp-json\/wp\/v2\/posts\/56121\/revisions"}],"wp:featuredmedia":[{"embeddable":true,"href":"https:\/\/247stiri.ro\/index.php\/wp-json\/wp\/v2\/media\/56122"}],"wp:attachment":[{"href":"https:\/\/247stiri.ro\/index.php\/wp-json\/wp\/v2\/media?parent=56121"}],"wp:term":[{"taxonomy":"category","embeddable":true,"href":"https:\/\/247stiri.ro\/index.php\/wp-json\/wp\/v2\/categories?post=56121"},{"taxonomy":"post_tag","embeddable":true,"href":"https:\/\/247stiri.ro\/index.php\/wp-json\/wp\/v2\/tags?post=56121"}],"curies":[{"name":"wp","href":"https:\/\/api.w.org\/{rel}","templated":true}]}}