{"id":56126,"date":"2026-01-05T15:44:51","date_gmt":"2026-01-05T15:44:51","guid":{"rendered":"https:\/\/247stiri.ro\/index.php\/2026\/01\/05\/cab-decide-daca-suspenda-judecatorii-in-aceeasi-zi-cu-sedinta-ccr-lovitura-pentru-bolojan-decizia-care-ar-putea-bloca-reforma\/"},"modified":"2026-01-05T15:44:51","modified_gmt":"2026-01-05T15:44:51","slug":"cab-decide-daca-suspenda-judecatorii-in-aceeasi-zi-cu-sedinta-ccr-lovitura-pentru-bolojan-decizia-care-ar-putea-bloca-reforma","status":"publish","type":"post","link":"https:\/\/247stiri.ro\/index.php\/2026\/01\/05\/cab-decide-daca-suspenda-judecatorii-in-aceeasi-zi-cu-sedinta-ccr-lovitura-pentru-bolojan-decizia-care-ar-putea-bloca-reforma\/","title":{"rendered":"CAB decide dac\u0103 suspend\u0103 judec\u0103torii \u00een aceea\u0219i zi cu \u0219edin\u021ba CCR. Lovitur\u0103 pentru Bolojan, decizia care ar putea bloca reforma"},"content":{"rendered":"<p>Totul depinde de decizia judec\u0103torilor de la Curtea de Apel Bucure\u0219ti de pe data de 16 ianuarie. Dac\u0103 judec\u0103torii vor decide s\u0103 \u00eei suspende pe cei doi magistra\u021bi de la Curtea Constitu\u021bional\u0103, asta ar \u00eensemna c\u0103 cei doi nu vor mai putea participa la \u0219edin\u021bele Cur\u021bii pe perioada pe care sunt suspenda\u021bi \u0219i deci nu ar mai exista o prezen\u021b\u0103 complet\u0103 care s\u0103 dea o decizie.<\/p>\n<p>\u00cen acest context le-ar mai r\u0103m\u00e2ne pe mas\u0103 magistra\u021bilor de la Curte doar dou\u0103 variante, fie s\u0103 am\u00e2ne decizia \u00een speran\u021ba c\u0103 \u00een final Curtea de Apel Bucure\u0219ti va decide s\u0103 nu revoce pe cei doi judec\u0103tori, fie cea de-a doua variant\u0103 s\u0103 repun\u0103 dosarul pe rol, iar asta ar \u00eensemna ca tot procesul s\u0103 fie luat de la cap\u0103t cu tot cu deliberare \u0219i abia apoi s\u0103 se poat\u0103 da o decizie chiar \u0219i \u00eentr-o formul\u0103 mai restr\u00e2ns\u0103.<\/p>\n<p>Asta ar \u00eensemna \u00eens\u0103 ca decizia s\u0103 fie am\u00e2nat\u0103 \u0219i dac\u0103 nu se va lua o decizie p\u00e2n\u0103 la finalul lunii, Rom\u00e2nia va pierde banii europeni, iar premierul Ilie Bolojean a amenin\u021bat c\u0103 \u0219i-ar putea da demisia dac\u0103 nu este l\u0103sat s\u0103 fac\u0103 reformele pe care \u0219i le dore\u0219te.<\/p>","protected":false},"excerpt":{"rendered":"<p>Totul depinde de decizia judec\u0103torilor de la Curtea de Apel Bucure\u0219ti de pe data de&hellip;<\/p>\n","protected":false},"author":0,"featured_media":56120,"comment_status":"open","ping_status":"open","sticky":false,"template":"","format":"standard","meta":{"footnotes":""},"categories":[2],"tags":[],"class_list":["post-56126","post","type-post","status-publish","format-standard","has-post-thumbnail","hentry","category-actual"],"_links":{"self":[{"href":"https:\/\/247stiri.ro\/index.php\/wp-json\/wp\/v2\/posts\/56126","targetHints":{"allow":["GET"]}}],"collection":[{"href":"https:\/\/247stiri.ro\/index.php\/wp-json\/wp\/v2\/posts"}],"about":[{"href":"https:\/\/247stiri.ro\/index.php\/wp-json\/wp\/v2\/types\/post"}],"replies":[{"embeddable":true,"href":"https:\/\/247stiri.ro\/index.php\/wp-json\/wp\/v2\/comments?post=56126"}],"version-history":[{"count":0,"href":"https:\/\/247stiri.ro\/index.php\/wp-json\/wp\/v2\/posts\/56126\/revisions"}],"wp:featuredmedia":[{"embeddable":true,"href":"https:\/\/247stiri.ro\/index.php\/wp-json\/wp\/v2\/media\/56120"}],"wp:attachment":[{"href":"https:\/\/247stiri.ro\/index.php\/wp-json\/wp\/v2\/media?parent=56126"}],"wp:term":[{"taxonomy":"category","embeddable":true,"href":"https:\/\/247stiri.ro\/index.php\/wp-json\/wp\/v2\/categories?post=56126"},{"taxonomy":"post_tag","embeddable":true,"href":"https:\/\/247stiri.ro\/index.php\/wp-json\/wp\/v2\/tags?post=56126"}],"curies":[{"name":"wp","href":"https:\/\/api.w.org\/{rel}","templated":true}]}}