{"id":56136,"date":"2026-01-05T16:44:48","date_gmt":"2026-01-05T16:44:48","guid":{"rendered":"https:\/\/247stiri.ro\/index.php\/2026\/01\/05\/alexandra-pacuraru-demasca-intelegerea-dintre-palatele-puterii-foarte-multi-romani-isi-vor-pierde-casele-in-2026\/"},"modified":"2026-01-05T16:44:48","modified_gmt":"2026-01-05T16:44:48","slug":"alexandra-pacuraru-demasca-intelegerea-dintre-palatele-puterii-foarte-multi-romani-isi-vor-pierde-casele-in-2026","status":"publish","type":"post","link":"https:\/\/247stiri.ro\/index.php\/2026\/01\/05\/alexandra-pacuraru-demasca-intelegerea-dintre-palatele-puterii-foarte-multi-romani-isi-vor-pierde-casele-in-2026\/","title":{"rendered":"Alexandra P\u0103curaru demasc\u0103 \u00een\u021belegerea dintre Palatele puterii: \u201eFoarte mul\u021bi rom\u00e2ni \u00ee\u0219i vor pierde casele \u00een 2026\u201d"},"content":{"rendered":"<p>Jurnalista a acuzat autorit\u0103\u021bile de \u201ebatjocur\u0103\u201d fa\u021b\u0103 de contribuabili, repro\u0219\u00e2ndu-le multiple cre\u0219teri de taxe \u0219i lipsa de transparen\u021b\u0103 \u00een cheltuirea banilor publici. Ea a men\u021bionat c\u0103 \u201erom\u00e2nii pl\u0103tesc taxe de trei ori mai mari pentru case, de dou\u0103 ori pentru ma\u0219ini \u0219i rate tot mai mari la b\u0103nci\u201d, sus\u021bin\u00e2nd c\u0103 m\u0103surile fiscale \u00eempov\u0103reaz\u0103 popula\u021bia \u0219i mediul de afaceri.<\/p>\n<p>Totodat\u0103, Alexandra P\u0103curaru a criticat \u0219i deplas\u0103rile externe ale lui Nicu\u0219or Dan, afirm\u00e2nd c\u0103 \u201evizitele \u00een Fran\u021ba sau alte \u021b\u0103ri nu aduc beneficii rom\u00e2nilor, ci servesc interese str\u0103ine\u201d. Ea a f\u0103cut referire \u0219i la posibile discu\u021bii privind investi\u021biile franceze \u00een sectorul energetic rom\u00e2nesc, acuz\u00e2nd lipsa de transparen\u021b\u0103 a Guvernului.<\/p>\n<p>\u201eLa mul\u021bi ani! La mul\u021bi binecuv\u00e2nta\u021bi ani, Rom\u00e2nia! 2026 s\u0103 pun\u0103 lumin\u0103 pe adev\u0103r, iar noi, cet\u0103\u021benii Rom\u00e2niei, s\u0103 redevenim suverani aici, \u00een \u021bara noastr\u0103, \u0219i nu sclavi \u00eendatora\u021bi de genera\u021bii, a\u0219a cum \u00ee\u0219i dore\u0219te actuala putere.<\/p>\n<p>Nicu\u0219or promitea \u00een campanie c\u0103 nu va cre\u0219te TVA-ul \u0219i a bubuit. M\u00e2ine pleac\u0103 iar la Macron s\u0103 ia directive pentru ce, \u00een interesul cui? Pentru francezi, evident, nu \u00een interesul rom\u00e2nilor. Povestea invitatul s\u0103u, domnul Sabin, despre centrala de la M\u0103ri\u0219el \u2013 centrala f\u0103cut\u0103 de Ceau\u0219escu \u2013 nu s-a mai investit niciun leu \u00een acea central\u0103.<\/p>\n<p>Data trecut\u0103, vizita lui Nicu\u0219or \u00een Fran\u021ba nu \u0219tiu cum s-a \u00eencheiat, pentru c\u0103 nu a prezentat oficial niciun proiect concret, dar \u0219tim c\u0103 ne-am \u00eendatorat \u0219i \u00eemprumutat ca s\u0103 cump\u0103r\u0103m de la francezi \u0219i nu numai \u2013 arme pentru Ucraina. Acum este posibil s\u0103 afl\u0103m c\u0103 d\u0103m francezilor hidrocentralele pe care le mai avem active \u00een Rom\u00e2nia.<\/p>\n<p>Ilie S\u0103r\u0103cie promitea c\u0103 \u00een 2026 nu vor mai fi cre\u0219teri \u0219i iat\u0103 c\u0103 pl\u0103tim taxe de trei ori mai mari pentru cas\u0103, de dou\u0103 ori pentru ma\u0219ini, rate mai mari la b\u0103nci, pre\u021buri mai mari la raft. Ilie S\u0103r\u0103cie taie \u00een continuare \u00een carne vie, asta face: ia pielea de pe rom\u00e2ni, iar cei care sunt cumin\u021bi \u0219i se conformeaz\u0103 trebuie s\u0103 intre repede pe ghiseul.ro ca s\u0103 beneficieze de acea reducere de 10%.<\/p>\n<p>Deci el a m\u0103rit taxele de trei ori, dar ofer\u0103 o reducere de doar 10% dac\u0103 pl\u0103te\u0219ti la timp online. A\u0219a b\u0103taie de joc n-am \u00eent\u00e2lnit \u00een via\u021ba mea! Aceast\u0103 aplica\u021bie, \u00een primul r\u00e2nd, este aproape nefunc\u021bional\u0103, pic\u0103 foarte des c\u00e2nd este accesat\u0103, iar Bolojan \u0219tie acest lucru. El cere s\u0103 facem pl\u0103\u021bi online la timp, altfel vor fi penaliz\u0103ri, dar el nu folose\u0219te aceast\u0103 aplica\u021bie.<\/p>\n<p>S\u0103-\u021bi fie ru\u0219ine, Ilie Bolojan! S\u0103-\u021bi fie ru\u0219ine, Nicu\u0219or Dan! Acum sunt surprin\u0219i c\u0103 rom\u00e2nii vor s\u0103 se uneasc\u0103, s\u0103 ias\u0103 \u00een strad\u0103, s\u0103-\u0219i strige durerea, disperarea, pentru c\u0103 nu vor ca ai lor copii s\u0103 plece \u00een \u021b\u0103ri str\u0103ine. Nu vor! Vor s\u0103 r\u0103m\u00e2n\u0103 st\u0103p\u00e2ni aici.<\/p>\n<p>De unde s\u0103 pl\u0103teasc\u0103 toate aceste taxe m\u0103rite? Din ce bani, dac\u0103 banii sunt aceia\u0219i? Ce se va \u00eent\u00e2mpla cu ace\u0219ti oameni care nu au bani s\u0103 pl\u0103teasc\u0103 la timp de trei ori taxa pe cas\u0103? Vor avea penaliz\u0103ri, vor avea popriri pe toate conturile, apoi vor fi executa\u021bi silit. \u00ce\u0219i vor pierde foarte mul\u021bi rom\u00e2ni casele \u00een 2026. \u0218i cine \u00eei va ap\u0103ra?<\/p>\n<p>La fel se va \u00eent\u00e2mpla \u0219i cu cei care au luat credite bancare pentru nevoi personale sau pentru afacerile lor. Nu vor avea bani s\u0103 pl\u0103teasc\u0103 ratele la termen, vor fi executa\u021bi. Mul\u021bi antreprenori vor falimenta, mul\u021bi rom\u00e2ni vor r\u0103m\u00e2ne \u0219omeri \u00een 2026.<\/p>\n<p>\u00cen concluzie, rom\u00e2nii au dreptate. \u00cei \u00een\u021beleg perfect c\u0103 vor s\u0103 ias\u0103 uni\u021bi \u00een strad\u0103, s\u0103 protesteze pa\u0219nic \u00een fa\u021ba Guvernului, s\u0103 se simt\u0103 respecta\u021bi \u00een Rom\u00e2nia \u0219i nu c\u0103lca\u021bi \u00een picioare \u0219i pedepsi\u021bi c\u0103 muncesc \u0219i las\u0103 bani aici, \u00een \u021bara copiilor lor.<\/p>\n<p>De ce sunt pedepsi\u021bi? Pentru c\u0103 nu reu\u0219esc s\u0103 pl\u0103teasc\u0103 taxele lui Ilie S\u0103r\u0103cie? Sunt al\u0103turi de to\u021bi antreprenorii, agricultorii, fermierii \u0219i transportatorii, sunt al\u0103turi de to\u021bi cet\u0103\u021benii Rom\u00e2niei, pentru c\u0103 Rom\u00e2nia este \u021bara noastr\u0103, casa noastr\u0103, \u021bara copiilor no\u0219tri \u0219i a nepo\u021bilor no\u0219tri nen\u0103scu\u021bi.<\/p>\n<p>Gata cu minciunile! Gata cu s\u0103r\u0103cia \u0219i cu b\u0103taia de joc la adresa rom\u00e2nilor! Doar uni\u021bi vom reu\u0219i s\u0103 ne lu\u0103m \u021bara \u00eenapoi, cu credin\u021b\u0103 tare c\u0103 vom redeveni suverani la noi acas\u0103.<\/p>\n<p>Dumnezeu s\u0103 fie cu noi!\u201d, a declarat Alexandra P\u0103curaru la Realitatea Plus.<\/p>","protected":false},"excerpt":{"rendered":"<p>Jurnalista a acuzat autorit\u0103\u021bile de \u201ebatjocur\u0103\u201d fa\u021b\u0103 de contribuabili, repro\u0219\u00e2ndu-le multiple cre\u0219teri de taxe \u0219i&hellip;<\/p>\n","protected":false},"author":0,"featured_media":56135,"comment_status":"open","ping_status":"open","sticky":false,"template":"","format":"standard","meta":{"footnotes":""},"categories":[2],"tags":[],"class_list":["post-56136","post","type-post","status-publish","format-standard","has-post-thumbnail","hentry","category-actual"],"_links":{"self":[{"href":"https:\/\/247stiri.ro\/index.php\/wp-json\/wp\/v2\/posts\/56136","targetHints":{"allow":["GET"]}}],"collection":[{"href":"https:\/\/247stiri.ro\/index.php\/wp-json\/wp\/v2\/posts"}],"about":[{"href":"https:\/\/247stiri.ro\/index.php\/wp-json\/wp\/v2\/types\/post"}],"replies":[{"embeddable":true,"href":"https:\/\/247stiri.ro\/index.php\/wp-json\/wp\/v2\/comments?post=56136"}],"version-history":[{"count":0,"href":"https:\/\/247stiri.ro\/index.php\/wp-json\/wp\/v2\/posts\/56136\/revisions"}],"wp:featuredmedia":[{"embeddable":true,"href":"https:\/\/247stiri.ro\/index.php\/wp-json\/wp\/v2\/media\/56135"}],"wp:attachment":[{"href":"https:\/\/247stiri.ro\/index.php\/wp-json\/wp\/v2\/media?parent=56136"}],"wp:term":[{"taxonomy":"category","embeddable":true,"href":"https:\/\/247stiri.ro\/index.php\/wp-json\/wp\/v2\/categories?post=56136"},{"taxonomy":"post_tag","embeddable":true,"href":"https:\/\/247stiri.ro\/index.php\/wp-json\/wp\/v2\/tags?post=56136"}],"curies":[{"name":"wp","href":"https:\/\/api.w.org\/{rel}","templated":true}]}}