{"id":56138,"date":"2026-01-05T16:44:49","date_gmt":"2026-01-05T16:44:49","guid":{"rendered":"https:\/\/247stiri.ro\/index.php\/2026\/01\/05\/intersectie-cu-bucluc-doua-accidente-in-aceeasi-zi-pe-pache-protopopescu-cu-mihai-bravu\/"},"modified":"2026-01-05T16:44:49","modified_gmt":"2026-01-05T16:44:49","slug":"intersectie-cu-bucluc-doua-accidente-in-aceeasi-zi-pe-pache-protopopescu-cu-mihai-bravu","status":"publish","type":"post","link":"https:\/\/247stiri.ro\/index.php\/2026\/01\/05\/intersectie-cu-bucluc-doua-accidente-in-aceeasi-zi-pe-pache-protopopescu-cu-mihai-bravu\/","title":{"rendered":"Intersec\u021bie cu bucluc. Dou\u0103 accidente, \u00een aceea\u0219i zi, pe Pache Protopopescu cu Mihai Bravu"},"content":{"rendered":"<p>Circula\u021bia pe linia 55 de tramvai a fost paralizat\u0103 \u00een aceast\u0103 dup\u0103-amiaz\u0103, \u00een urma unui eveniment rutier petrecut la intersec\u021bia dintre Bulevardul Pache Protopopescu \u0219i \u0218oseaua Mihai Bravu. Societatea de Transport Bucure\u0219ti (STB) a emis o alert\u0103 oficial\u0103 la ora 17:47, confirm\u00e2nd c\u0103 fluxul mijloacelor de transport este blocat din cauza implic\u0103rii unui vehicul din flota proprie \u00eentr-o coliziune sau un incident \u00een trafic.<\/p>\n<p>Echipele de interven\u021bie ale companiei au fost mobilizate pentru a degaja zona \u0219i a restabili circula\u021bia, \u00eens\u0103 c\u0103l\u0103torii sunt sf\u0103tui\u021bi s\u0103 utilizeze rute alternative p\u00e2n\u0103 la remedierea situa\u021biei. De regul\u0103, \u00een astfel de cazuri, STB dispune devierea temporar\u0103 a traseelor sau introducerea unor linii navet\u0103 de autobuze pentru a prelua fluxul de pasageri din zon\u0103.<\/p>\n<p>Repetarea acestei situa\u021bii pe parcursul aceleia\u0219i zile a sporit nemul\u021bumirea c\u0103l\u0103torilor care depind de aceast\u0103 rut\u0103 pentru a traversa nodul de leg\u0103tur\u0103 de la Mihai Bravu. \u00cen timp ce echipele de interven\u021bie lucreaz\u0103 pentru eliberarea c\u0103ii de rulare, STB \u00eencearc\u0103 s\u0103 reorganizeze fluxul de transport pentru a diminua \u00eent\u00e2rzierile, \u00eens\u0103 traficul \u00een zon\u0103 r\u0103m\u00e2ne extrem de \u00eengreunat.<\/p>","protected":false},"excerpt":{"rendered":"<p>Circula\u021bia pe linia 55 de tramvai a fost paralizat\u0103 \u00een aceast\u0103 dup\u0103-amiaz\u0103, \u00een urma unui&hellip;<\/p>\n","protected":false},"author":0,"featured_media":56139,"comment_status":"open","ping_status":"open","sticky":false,"template":"","format":"standard","meta":{"footnotes":""},"categories":[2],"tags":[],"class_list":["post-56138","post","type-post","status-publish","format-standard","has-post-thumbnail","hentry","category-actual"],"_links":{"self":[{"href":"https:\/\/247stiri.ro\/index.php\/wp-json\/wp\/v2\/posts\/56138","targetHints":{"allow":["GET"]}}],"collection":[{"href":"https:\/\/247stiri.ro\/index.php\/wp-json\/wp\/v2\/posts"}],"about":[{"href":"https:\/\/247stiri.ro\/index.php\/wp-json\/wp\/v2\/types\/post"}],"replies":[{"embeddable":true,"href":"https:\/\/247stiri.ro\/index.php\/wp-json\/wp\/v2\/comments?post=56138"}],"version-history":[{"count":0,"href":"https:\/\/247stiri.ro\/index.php\/wp-json\/wp\/v2\/posts\/56138\/revisions"}],"wp:featuredmedia":[{"embeddable":true,"href":"https:\/\/247stiri.ro\/index.php\/wp-json\/wp\/v2\/media\/56139"}],"wp:attachment":[{"href":"https:\/\/247stiri.ro\/index.php\/wp-json\/wp\/v2\/media?parent=56138"}],"wp:term":[{"taxonomy":"category","embeddable":true,"href":"https:\/\/247stiri.ro\/index.php\/wp-json\/wp\/v2\/categories?post=56138"},{"taxonomy":"post_tag","embeddable":true,"href":"https:\/\/247stiri.ro\/index.php\/wp-json\/wp\/v2\/tags?post=56138"}],"curies":[{"name":"wp","href":"https:\/\/api.w.org\/{rel}","templated":true}]}}