{"id":56148,"date":"2026-01-05T17:45:02","date_gmt":"2026-01-05T17:45:02","guid":{"rendered":"https:\/\/247stiri.ro\/index.php\/2026\/01\/05\/alerta-de-avalanse-in-zonele-montane-din-mai-multe-judete\/"},"modified":"2026-01-05T17:45:02","modified_gmt":"2026-01-05T17:45:02","slug":"alerta-de-avalanse-in-zonele-montane-din-mai-multe-judete","status":"publish","type":"post","link":"https:\/\/247stiri.ro\/index.php\/2026\/01\/05\/alerta-de-avalanse-in-zonele-montane-din-mai-multe-judete\/","title":{"rendered":"Alert\u0103 de avalan\u0219e \u00een zonele montane din mai multe jude\u021be"},"content":{"rendered":"<p>Meteorologii avertizeaz\u0103 asupra unui risc major de avalan\u0219\u0103 \u00een mun\u021bii F\u0103g\u0103ra\u0219, Bucegi \u0219i \u021aarcu-Godeanu, unde ninsorile recente au creat un echilibru extrem de fragil. La peste 1.800 de metri altitudine, s-a depus un strat generos de z\u0103pad\u0103 proasp\u0103t\u0103 (\u00eentre 20 \u0219i 45 cm), care acoper\u0103 un fundament mai vechi \u0219i incomplet stabilizat.<\/p>\n<p>Pericolul principal este cauzat de structura stratului de z\u0103pad\u0103. \u00cen profunzime se g\u0103sesc cristale de tip cup\u0103, care reduc aderen\u021ba \u0219i permit straturilor superioare s\u0103 alunece cu u\u0219urin\u021b\u0103. Viscolul din ultimele zile a transportat z\u0103pada u\u0219oar\u0103 spre zonele ad\u0103postite \u0219i \u00een apropierea crestelor, form\u00e2nd pl\u0103ci de v\u00e2nt consistente. Pe versan\u021bii \u00eenclina\u021bi, exist\u0103 riscul declan\u0219\u0103rii unor avalan\u0219e de dimensiuni medii \u0219i mari. Acestea pot porni spontan sau la suprasarcini (chiar \u0219i la trecerea unui singur schior sau turist). Se estimeaz\u0103 c\u0103 ninsorile viitoare vor mai ad\u0103uga \u00eenc\u0103 10-20 cm de z\u0103pad\u0103, \u00eengreun\u00e2nd \u0219i mai mult structura instabil\u0103.<\/p>\n<p>\u00cen timp ce \u00een Carpa\u021bii Orientali, Occidentali \u0219i \u00een masivele Par\u00e2ng-\u0218ureanu riscul de avalan\u0219\u0103 r\u0103m\u00e2ne \u00eensemnat, ANM a extins avertiz\u0103rile \u0219i pentru restul \u021b\u0103rii. Sunt \u00een vigoare coduri de ninsoare, ploaie \u0219i polei, inclusiv un Cod Portocaliu \u00een patru jude\u021be \u0219i un Cod Galben pentru Capital\u0103.<\/p>\n<p>Grosimea stratului de z\u0103pad\u0103 (Luni la pr\u00e2nz): Cea mai mare acumulare de z\u0103pad\u0103 este \u00eenregistrat\u0103 la V\u00e2rful Omu (154 cm), urmat\u0103 de valori semnificative \u00een punctele montane cheie:<\/p>\n<p>B\u00e2lea-Lac: 88 cm<\/p>\n<p>B\u0103i\u0219oara: 56 cm<\/p>\n<p>St\u00e2na de Vale: 48 cm<\/p>\n<p>C\u0103limani, L\u0103c\u0103u\u021bi \u0219i Bucin: 47 cm<\/p>\n<p>Semenic: 46 cm<\/p>\n<p>Ro\u0219ia Montan\u0103: 45 cm<\/p>\n<p>Din cauza acestor condi\u021bii, autorit\u0103\u021bile recomand\u0103 turi\u0219tilor s\u0103 evite traseele de mare altitudine.<\/p>","protected":false},"excerpt":{"rendered":"<p>Meteorologii avertizeaz\u0103 asupra unui risc major de avalan\u0219\u0103 \u00een mun\u021bii F\u0103g\u0103ra\u0219, Bucegi \u0219i \u021aarcu-Godeanu, unde&hellip;<\/p>\n","protected":false},"author":0,"featured_media":56149,"comment_status":"open","ping_status":"open","sticky":false,"template":"","format":"standard","meta":{"footnotes":""},"categories":[2],"tags":[],"class_list":["post-56148","post","type-post","status-publish","format-standard","has-post-thumbnail","hentry","category-actual"],"_links":{"self":[{"href":"https:\/\/247stiri.ro\/index.php\/wp-json\/wp\/v2\/posts\/56148","targetHints":{"allow":["GET"]}}],"collection":[{"href":"https:\/\/247stiri.ro\/index.php\/wp-json\/wp\/v2\/posts"}],"about":[{"href":"https:\/\/247stiri.ro\/index.php\/wp-json\/wp\/v2\/types\/post"}],"replies":[{"embeddable":true,"href":"https:\/\/247stiri.ro\/index.php\/wp-json\/wp\/v2\/comments?post=56148"}],"version-history":[{"count":0,"href":"https:\/\/247stiri.ro\/index.php\/wp-json\/wp\/v2\/posts\/56148\/revisions"}],"wp:featuredmedia":[{"embeddable":true,"href":"https:\/\/247stiri.ro\/index.php\/wp-json\/wp\/v2\/media\/56149"}],"wp:attachment":[{"href":"https:\/\/247stiri.ro\/index.php\/wp-json\/wp\/v2\/media?parent=56148"}],"wp:term":[{"taxonomy":"category","embeddable":true,"href":"https:\/\/247stiri.ro\/index.php\/wp-json\/wp\/v2\/categories?post=56148"},{"taxonomy":"post_tag","embeddable":true,"href":"https:\/\/247stiri.ro\/index.php\/wp-json\/wp\/v2\/tags?post=56148"}],"curies":[{"name":"wp","href":"https:\/\/api.w.org\/{rel}","templated":true}]}}