{"id":56157,"date":"2026-01-05T18:44:57","date_gmt":"2026-01-05T18:44:57","guid":{"rendered":"https:\/\/247stiri.ro\/index.php\/2026\/01\/05\/sfarsit-tragic-la-inceput-de-an-pentru-un-tanar-medic-un-stomatolog-de-35-de-ani-s-a-sinucis-in-propriul-cabinet-din-calarasi\/"},"modified":"2026-01-05T18:44:57","modified_gmt":"2026-01-05T18:44:57","slug":"sfarsit-tragic-la-inceput-de-an-pentru-un-tanar-medic-un-stomatolog-de-35-de-ani-s-a-sinucis-in-propriul-cabinet-din-calarasi","status":"publish","type":"post","link":"https:\/\/247stiri.ro\/index.php\/2026\/01\/05\/sfarsit-tragic-la-inceput-de-an-pentru-un-tanar-medic-un-stomatolog-de-35-de-ani-s-a-sinucis-in-propriul-cabinet-din-calarasi\/","title":{"rendered":"Sf\u00e2r\u0219it tragic, la \u00eenceput de an, pentru un t\u00e2n\u0103r medic. Un stomatolog de 35 de ani s-a sinucis \u00een propriul cabinet din C\u0103l\u0103ra\u0219i"},"content":{"rendered":"<p>Tragedia a avut loc duminic\u0103, 4 ianuarie, \u00een jurul orei 07:20, c\u00e2nd medicul stomatolog, n\u0103scut \u00een 1990, a fost g\u0103sit sp\u00e2nzurat \u00een cabinetul s\u0103u situat la parterul unui imobil din zona Po\u0219ta 4. Descoperirea i-a l\u0103sat f\u0103r\u0103 cuvinte pe cei apropia\u021bi, surse din anturajul familiei declar\u00e2nd c\u0103 t\u00e2n\u0103rul, care locuia \u00een zona H17, nu p\u0103rea s\u0103 aib\u0103 probleme personale, datorii sau conflicte care s\u0103 justifice un asemenea gest radical.<\/p>\n<p>Poli\u021bi\u0219tii din cadrul Serviciului de Investiga\u021bii Criminale \u0219i speciali\u0219tii criminali\u0219ti au izolat imediat perimetrul pentru a demara cercet\u0103rile. Primele constat\u0103ri indic\u0103 absen\u021ba urmelor de violen\u021b\u0103, singurele leziuni fiind cele specifice autolizei prin sp\u00e2nzurare. Trupul ne\u00eensufle\u021bit a fost transportat la Serviciul de Medicin\u0103 Legal\u0103 C\u0103l\u0103ra\u0219i pentru necropsie, \u00een timp ce ancheta continu\u0103 sub coordonarea Parchetului de pe l\u00e2ng\u0103 Tribunalul C\u0103l\u0103ra\u0219i pentru a clarifica toate circumstan\u021bele acestui sf\u00e2r\u0219it fulger\u0103tor.<\/p>","protected":false},"excerpt":{"rendered":"<p>Tragedia a avut loc duminic\u0103, 4 ianuarie, \u00een jurul orei 07:20, c\u00e2nd medicul stomatolog, n\u0103scut&hellip;<\/p>\n","protected":false},"author":0,"featured_media":56158,"comment_status":"open","ping_status":"open","sticky":false,"template":"","format":"standard","meta":{"footnotes":""},"categories":[2],"tags":[],"class_list":["post-56157","post","type-post","status-publish","format-standard","has-post-thumbnail","hentry","category-actual"],"_links":{"self":[{"href":"https:\/\/247stiri.ro\/index.php\/wp-json\/wp\/v2\/posts\/56157","targetHints":{"allow":["GET"]}}],"collection":[{"href":"https:\/\/247stiri.ro\/index.php\/wp-json\/wp\/v2\/posts"}],"about":[{"href":"https:\/\/247stiri.ro\/index.php\/wp-json\/wp\/v2\/types\/post"}],"replies":[{"embeddable":true,"href":"https:\/\/247stiri.ro\/index.php\/wp-json\/wp\/v2\/comments?post=56157"}],"version-history":[{"count":0,"href":"https:\/\/247stiri.ro\/index.php\/wp-json\/wp\/v2\/posts\/56157\/revisions"}],"wp:featuredmedia":[{"embeddable":true,"href":"https:\/\/247stiri.ro\/index.php\/wp-json\/wp\/v2\/media\/56158"}],"wp:attachment":[{"href":"https:\/\/247stiri.ro\/index.php\/wp-json\/wp\/v2\/media?parent=56157"}],"wp:term":[{"taxonomy":"category","embeddable":true,"href":"https:\/\/247stiri.ro\/index.php\/wp-json\/wp\/v2\/categories?post=56157"},{"taxonomy":"post_tag","embeddable":true,"href":"https:\/\/247stiri.ro\/index.php\/wp-json\/wp\/v2\/tags?post=56157"}],"curies":[{"name":"wp","href":"https:\/\/api.w.org\/{rel}","templated":true}]}}