{"id":56160,"date":"2026-01-05T18:44:58","date_gmt":"2026-01-05T18:44:58","guid":{"rendered":"https:\/\/247stiri.ro\/index.php\/2026\/01\/05\/politia-elvetiana-a-identificat-toti-mortii-si-ranitii-din-incendiul-de-anul-nou-din-crans-montana-niciun-roman-printre-victime\/"},"modified":"2026-01-05T18:44:58","modified_gmt":"2026-01-05T18:44:58","slug":"politia-elvetiana-a-identificat-toti-mortii-si-ranitii-din-incendiul-de-anul-nou-din-crans-montana-niciun-roman-printre-victime","status":"publish","type":"post","link":"https:\/\/247stiri.ro\/index.php\/2026\/01\/05\/politia-elvetiana-a-identificat-toti-mortii-si-ranitii-din-incendiul-de-anul-nou-din-crans-montana-niciun-roman-printre-victime\/","title":{"rendered":"Poli\u021bia elve\u021bian\u0103 a identificat to\u021bi mor\u021bii \u0219i r\u0103ni\u021bii din incendiul de Anul Nou din Crans-Montana. Niciun rom\u00e2n printre victime"},"content":{"rendered":"<p>Autorit\u0103\u021bile au precizat c\u0103 bilan\u021bul r\u0103ni\u021bilor, indicat anterior la 119, a fost revizuit la 116, dup\u0103 ce \u201etrei persoane tratate la urgen\u021b\u0103 \u00een noaptea respectiv\u0103 au fost atribuite din gre\u0219eal\u0103 acestui eveniment\u201d, conform AFP.<\/p>\n<p>\u00cen r\u00e2ndul r\u0103ni\u021bilor se num\u0103r\u0103 68 de cet\u0103\u021beni elve\u021bieni, 21 de francezi, patru s\u00e2rbi, dou\u0103 poloneze, o belgianc\u0103, o portughez\u0103, o ceh\u0103, un australian, un bosniac, un luxemburghez, un congolez, precum \u0219i patru persoane cu cet\u0103\u021benie dubl\u0103 (franco-finlandez\u0103, elve\u021biano-belgian\u0103, franco-italian\u0103 \u0219i italiano-filipinez\u0103), a mai transmis poli\u021bia.<\/p>\n<p>Potrivit aceleia\u0219i surse, 83 de r\u0103ni\u021bi se afl\u0103 \u00een continuare interna\u021bi \u00een spital.<\/p>\n<p>Duminic\u0103, Ministerul rom\u00e2n al Afacerilor Externe a anun\u021bat c\u0103, potrivit informa\u021biilor furnizate de autorit\u0103\u021bile elve\u021biene, cet\u0103\u021beanul rom\u00e2n dat ini\u021bial disp\u0103rut a murit \u00een urma incendiului din Crans-Montana, iar reprezentan\u021bii misiunii diplomatice ofer\u0103 asisten\u021b\u0103 consular\u0103 familiei acestuia.<\/p>","protected":false},"excerpt":{"rendered":"<p>Autorit\u0103\u021bile au precizat c\u0103 bilan\u021bul r\u0103ni\u021bilor, indicat anterior la 119, a fost revizuit la 116,&hellip;<\/p>\n","protected":false},"author":0,"featured_media":56155,"comment_status":"open","ping_status":"open","sticky":false,"template":"","format":"standard","meta":{"footnotes":""},"categories":[2],"tags":[],"class_list":["post-56160","post","type-post","status-publish","format-standard","has-post-thumbnail","hentry","category-actual"],"_links":{"self":[{"href":"https:\/\/247stiri.ro\/index.php\/wp-json\/wp\/v2\/posts\/56160","targetHints":{"allow":["GET"]}}],"collection":[{"href":"https:\/\/247stiri.ro\/index.php\/wp-json\/wp\/v2\/posts"}],"about":[{"href":"https:\/\/247stiri.ro\/index.php\/wp-json\/wp\/v2\/types\/post"}],"replies":[{"embeddable":true,"href":"https:\/\/247stiri.ro\/index.php\/wp-json\/wp\/v2\/comments?post=56160"}],"version-history":[{"count":0,"href":"https:\/\/247stiri.ro\/index.php\/wp-json\/wp\/v2\/posts\/56160\/revisions"}],"wp:featuredmedia":[{"embeddable":true,"href":"https:\/\/247stiri.ro\/index.php\/wp-json\/wp\/v2\/media\/56155"}],"wp:attachment":[{"href":"https:\/\/247stiri.ro\/index.php\/wp-json\/wp\/v2\/media?parent=56160"}],"wp:term":[{"taxonomy":"category","embeddable":true,"href":"https:\/\/247stiri.ro\/index.php\/wp-json\/wp\/v2\/categories?post=56160"},{"taxonomy":"post_tag","embeddable":true,"href":"https:\/\/247stiri.ro\/index.php\/wp-json\/wp\/v2\/tags?post=56160"}],"curies":[{"name":"wp","href":"https:\/\/api.w.org\/{rel}","templated":true}]}}