{"id":5617,"date":"2024-11-08T08:44:50","date_gmt":"2024-11-08T08:44:50","guid":{"rendered":"https:\/\/247stiri.ro\/index.php\/2024\/11\/08\/george-simion-dupa-intalnirea-cu-nicusor-dan-vom-avea-o-singura-administratie-si-vom-largi-granitele-bucurestiului\/"},"modified":"2024-11-08T08:44:50","modified_gmt":"2024-11-08T08:44:50","slug":"george-simion-dupa-intalnirea-cu-nicusor-dan-vom-avea-o-singura-administratie-si-vom-largi-granitele-bucurestiului","status":"publish","type":"post","link":"https:\/\/247stiri.ro\/index.php\/2024\/11\/08\/george-simion-dupa-intalnirea-cu-nicusor-dan-vom-avea-o-singura-administratie-si-vom-largi-granitele-bucurestiului\/","title":{"rendered":"George Simion, dup\u0103 \u00eent\u00e2lnirea cu Nicu\u0219or Dan: Vom avea o singur\u0103 administra\u021bie \u0219i vom l\u0103rgi grani\u021bele Bucure\u0219tiului"},"content":{"rendered":"<p>&#8222;N-avem nevoie de \u0219apte prim\u0103rii, n-avem nevoie de \u0219apte poli\u021bii locale, n-avem nevoie de dublarea acestor institu\u021bii \u0219i de-aici porne\u0219te \u0219i discu\u021bia legat\u0103 de referendum, \u0219i chestiuni punctuale legate de colectarea de taxe.\u00a0<\/p>\n<p>Dac\u0103 vrem s\u0103 fim eficien\u021bi, vom avea o singur\u0103 administra\u021bie \u0219i vom l\u0103rgi grani\u021bele Bucure\u0219tiului p\u00e2n\u0103 la limitele actualei autostr\u0103zi 0. Asta este pozi\u021bia AUR \u0219i a mea, ca \u0219i candidat la alegerile preziden\u021biale&#8221;, a transmis Simion.<\/p>\n<p>\u00cen opinia liderului AUR, cel mai complicat punct de \u00eendeplinit, din cele 20 prezentate de primarul general, este cel care vizeaz\u0103 colectarea taxelor.<\/p>\n<p>&#8222;Cel mai complicat punct este cel legat de colectarea banilor, unde se duc banii din taxele rom\u00e2nilor. Dac\u0103 merg la prim\u0103riile de sector, vom avea \u0219ase primari de sector puternici, care vor face b\u0103nci, vor face parcuri \u0219i chestiuni importante precum termia, precum metroul, vor fi ignorate. De aceea, noi ne dorim o singur\u0103 administra\u021bie, o singur\u0103 poli\u021bie, nu mai vreau s\u0103 v\u0103d cum se bat poli\u021bi\u0219tii locali din diferite sectoare. Vreau s\u0103 fie rezolvat\u0103, de urgen\u021b\u0103, chestiunea plan\u0219eului din Pia\u021ba Unirii. O consider un risc de securitate pentru bucure\u0219teni. Astea sunt chestiuni care trebuie l\u0103murite acum, nu dup\u0103 alegeri, nu c\u00e2nd se instaleaz\u0103 noul pre\u0219edinte. Exist\u0103 ni\u0219te oameni \u00een func\u021bii \u0219i m\u0103 a\u0219tept la responsabilitate din partea lor&#8221;, a concluzionat candidatul AUR la alegerile preziden\u021biale.\u00a0<\/p>\n<p>C\u00e2t prive\u0219te colaborarea cu primarul general, Simion a spus c\u0103 el este \u00een favoarea dialogului \u0219i poate coopera cu oricine ocup\u0103 o func\u021bie public\u0103.<\/p>\n<p>&#8222;Cred c\u0103 pot colabora cu oricine ocup\u0103 o func\u021bie public\u0103 \u0219i este normal s\u0103 se \u00eent\u00e2mple a\u0219a. Nu \u0219tiu de ce nu a existat aceast\u0103 colaborare, \u00een cei patru ani, \u00eentre deciden\u021bi. Pentru c\u0103, \u00een mod evident, \u0219i asta acuz\u0103 \u0219i domnul primar general, cu mici excep\u021bii, nu a existat o colaborare \u00eentre Guvern, \u00eentre primarii de sector \u0219i primarul general. Asta \u00eenseamn\u0103 c\u0103 pierd cet\u0103\u021benii, pierd rom\u00e2nii din cauza faptului c\u0103 nu se poate g\u0103si un numitor comun. Eu sunt \u00een favoarea dialogului \u0219i \u00een favoarea g\u0103sirii numitorului comun&#8221;, a punctat Simion.\u00a0<\/p>\n<p>CMF 31240006<\/p>","protected":false},"excerpt":{"rendered":"<p>&#8222;N-avem nevoie de \u0219apte prim\u0103rii, n-avem nevoie de \u0219apte poli\u021bii locale, n-avem nevoie de dublarea&hellip;<\/p>\n","protected":false},"author":0,"featured_media":5618,"comment_status":"open","ping_status":"open","sticky":false,"template":"","format":"standard","meta":{"footnotes":""},"categories":[3],"tags":[],"class_list":["post-5617","post","type-post","status-publish","format-standard","has-post-thumbnail","hentry","category-politica"],"_links":{"self":[{"href":"https:\/\/247stiri.ro\/index.php\/wp-json\/wp\/v2\/posts\/5617","targetHints":{"allow":["GET"]}}],"collection":[{"href":"https:\/\/247stiri.ro\/index.php\/wp-json\/wp\/v2\/posts"}],"about":[{"href":"https:\/\/247stiri.ro\/index.php\/wp-json\/wp\/v2\/types\/post"}],"replies":[{"embeddable":true,"href":"https:\/\/247stiri.ro\/index.php\/wp-json\/wp\/v2\/comments?post=5617"}],"version-history":[{"count":0,"href":"https:\/\/247stiri.ro\/index.php\/wp-json\/wp\/v2\/posts\/5617\/revisions"}],"wp:featuredmedia":[{"embeddable":true,"href":"https:\/\/247stiri.ro\/index.php\/wp-json\/wp\/v2\/media\/5618"}],"wp:attachment":[{"href":"https:\/\/247stiri.ro\/index.php\/wp-json\/wp\/v2\/media?parent=5617"}],"wp:term":[{"taxonomy":"category","embeddable":true,"href":"https:\/\/247stiri.ro\/index.php\/wp-json\/wp\/v2\/categories?post=5617"},{"taxonomy":"post_tag","embeddable":true,"href":"https:\/\/247stiri.ro\/index.php\/wp-json\/wp\/v2\/tags?post=5617"}],"curies":[{"name":"wp","href":"https:\/\/api.w.org\/{rel}","templated":true}]}}