{"id":56178,"date":"2026-01-05T20:46:07","date_gmt":"2026-01-05T20:46:07","guid":{"rendered":"https:\/\/247stiri.ro\/index.php\/2026\/01\/05\/danemarca-trage-un-semnal-de-alarma-se-termina-cu-nato-daca-trump-invadeaza-groenlanda\/"},"modified":"2026-01-05T20:46:07","modified_gmt":"2026-01-05T20:46:07","slug":"danemarca-trage-un-semnal-de-alarma-se-termina-cu-nato-daca-trump-invadeaza-groenlanda","status":"publish","type":"post","link":"https:\/\/247stiri.ro\/index.php\/2026\/01\/05\/danemarca-trage-un-semnal-de-alarma-se-termina-cu-nato-daca-trump-invadeaza-groenlanda\/","title":{"rendered":"Danemarca trage un semnal de alarm\u0103: \u201eSe termin\u0103 cu NATO dac\u0103 Trump invadeaz\u0103 Groenlanda\u201d"},"content":{"rendered":"<p>Mette Frederiksen a declarat c\u0103, dac\u0103 SUA atac\u0103 militar Groenlanda, \u201etotul se opri, inclusiv NATO \u0219i modelul de securitate stabilit dup\u0103 Al Doilea R\u0103zboi Mondial\u201d. Ea a subliniat c\u0103 Trump trebuie \u201eluat \u00een serios\u201d atunci c\u00e2nd insist\u0103 asupra subiectului, mai ales dup\u0103 succesul interven\u021biei americane \u00een Venezuela.<\/p>\n<p>\u201eVreau s\u0103 fie foarte clar c\u0103 dac\u0103 Statele Unite aleg s\u0103 atace militar o \u021bar\u0103 NATO, atunci totul se opre\u0219te, inclusiv NATO \u0219i modelul de securitate stabilit dup\u0103 Al Doilea R\u0103zboi Mondial\u201d, a declarat Frederiksen.<\/p>\n<p>Amenin\u021b\u0103rile lui Trump<\/p>\n<p>Pre\u0219edintele SUA a afirmat recent c\u0103 \u201ene vom ocupa de Groenlanda \u00een cam dou\u0103 luni\u201d \u0219i c\u0103 insula reprezint\u0103 o \u201enecesitate strategic\u0103\u201d datorit\u0103 resurselor minerale \u0219i pozi\u021biei arctice. Trump a refuzat s\u0103 exclud\u0103 folosirea for\u021bei, relans\u00e2nd ideea exprimat\u0103 \u00eenc\u0103 din primul mandat, conform <a href=\"https:\/\/www.politico.eu\/article\/nato-done-if-us-donald-trump-invades-greenland-denmark-pm-mette-frederiksen-warns\/\" target=\"_blank\">POLITICO<\/a>.<\/p>\n<p>\u201eNe vom ocupa de Groenlanda \u00een cam dou\u0103 luni. O s\u0103 vorbim de Groenlanda \u00een vreo 20 de zile\u201d, a amenin\u021bat pre\u0219edintele american recent, f\u0103r\u0103 s\u0103 dea detalii.<\/p>\n<p>Premierul groenlandez Jens-Frederik Nielsen a cerut lui Trump s\u0103 renun\u021be la \u201efanteziile cu anexarea\u201d, calific\u00e2nd retorica ca \u201eabsolut inacceptabil\u0103\u201d. El a precizat c\u0103 Groenlanda r\u0103m\u00e2ne \u201ec\u0103minul \u0219i teritoriul nostru\u201d \u0219i este deschis dialogului doar prin canale oficiale, respect\u00e2nd dreptul interna\u021bional.<\/p>\n<p>\u201eAmenin\u021b\u0103rile, presiunile \u0219i discu\u021biile despre anex\u0103ri nu au ce c\u0103uta \u00eentre prieteni. Nu a\u0219a se vorbe\u0219te cu un popor care a demonstrat responsabilitate, stabilitate \u0219i loialitate de fiecare dat\u0103.<\/p>\n<p>Ce e prea mult e prea mult. F\u0103r\u0103 presiune. F\u0103r\u0103 aluzii. F\u0103r\u0103 fantezii despre anexare.<\/p>\n<p>UE va continua s\u0103 respecte principiile suveranit\u0103\u021bii na\u021bionale, integrit\u0103\u021bii teritoriale \u0219i inviolabilit\u0103\u021bii frontierelor.<\/p>\n<p>Acestea sunt principii universale \u0219i le vom proteja mereu, mai ales atunci c\u00e2nd integritatea teritorial\u0103 a unui stat-membru al Uniunii Europene este pus\u0103 la \u00eendoial\u0103\u201d, a declarat Nielsen.<\/p>\n<p>Germania, Lituania, Fran\u021ba \u0219i UE au exprimat solidaritate, subliniind suveranitatea \u0219i integritatea teritorial\u0103. Premierul britanic Keir Starmer a afirmat c\u0103 viitorul Groenlandei \u00eel decid doar Danemarca \u0219i locuitorii s\u0103i, sus\u021bin\u00e2nd pozi\u021bia lui Frederiksen. \u021a\u0103ri nordice precum Finlanda, Suedia \u0219i Norvegia au postat mesaje de sus\u021binere.<\/p>","protected":false},"excerpt":{"rendered":"<p>Mette Frederiksen a declarat c\u0103, dac\u0103 SUA atac\u0103 militar Groenlanda, \u201etotul se opri, inclusiv NATO&hellip;<\/p>\n","protected":false},"author":0,"featured_media":56175,"comment_status":"open","ping_status":"open","sticky":false,"template":"","format":"standard","meta":{"footnotes":""},"categories":[2],"tags":[],"class_list":["post-56178","post","type-post","status-publish","format-standard","has-post-thumbnail","hentry","category-actual"],"_links":{"self":[{"href":"https:\/\/247stiri.ro\/index.php\/wp-json\/wp\/v2\/posts\/56178","targetHints":{"allow":["GET"]}}],"collection":[{"href":"https:\/\/247stiri.ro\/index.php\/wp-json\/wp\/v2\/posts"}],"about":[{"href":"https:\/\/247stiri.ro\/index.php\/wp-json\/wp\/v2\/types\/post"}],"replies":[{"embeddable":true,"href":"https:\/\/247stiri.ro\/index.php\/wp-json\/wp\/v2\/comments?post=56178"}],"version-history":[{"count":0,"href":"https:\/\/247stiri.ro\/index.php\/wp-json\/wp\/v2\/posts\/56178\/revisions"}],"wp:featuredmedia":[{"embeddable":true,"href":"https:\/\/247stiri.ro\/index.php\/wp-json\/wp\/v2\/media\/56175"}],"wp:attachment":[{"href":"https:\/\/247stiri.ro\/index.php\/wp-json\/wp\/v2\/media?parent=56178"}],"wp:term":[{"taxonomy":"category","embeddable":true,"href":"https:\/\/247stiri.ro\/index.php\/wp-json\/wp\/v2\/categories?post=56178"},{"taxonomy":"post_tag","embeddable":true,"href":"https:\/\/247stiri.ro\/index.php\/wp-json\/wp\/v2\/tags?post=56178"}],"curies":[{"name":"wp","href":"https:\/\/api.w.org\/{rel}","templated":true}]}}