{"id":56180,"date":"2026-01-05T20:46:08","date_gmt":"2026-01-05T20:46:08","guid":{"rendered":"https:\/\/247stiri.ro\/index.php\/2026\/01\/05\/anca-alexandrescu-asa-cum-se-arata-lucrurile-nu-cred-ca-vom-avea-parte-neaparat-de-liniste-anul-acesta\/"},"modified":"2026-01-05T20:46:08","modified_gmt":"2026-01-05T20:46:08","slug":"anca-alexandrescu-asa-cum-se-arata-lucrurile-nu-cred-ca-vom-avea-parte-neaparat-de-liniste-anul-acesta","status":"publish","type":"post","link":"https:\/\/247stiri.ro\/index.php\/2026\/01\/05\/anca-alexandrescu-asa-cum-se-arata-lucrurile-nu-cred-ca-vom-avea-parte-neaparat-de-liniste-anul-acesta\/","title":{"rendered":"Anca Alexandrescu: \u201eA\u0219a cum se arat\u0103 lucrurile, nu cred c\u0103 vom avea parte neap\u0103rat de lini\u0219te anul acesta\u201d"},"content":{"rendered":"<p>Am urm\u0103rit cu aten\u021bie tot ce se \u00eent\u00e2mpl\u0103, de\u0219i am fost plecat\u0103 \u00eentr-o \u021bar\u0103 \u00een care conducerea \u00eemparte cu cet\u0103\u021benii resursele pe care le de\u021bin sau profiturile pe care le fac din bog\u0103\u021biile \u021b\u0103rii. La noi, din p\u0103cate, am urm\u0103rit cearta pornit\u0103 de la tragedia de la Crans-Montana \u0219i, evident, compara\u021bia f\u0103cut\u0103 cu Colectiv. De\u0219i, mi se pare c\u0103 nu are nicio leg\u0103tur\u0103 cu ceea ce s-a \u00eent\u00e2mplat atunci \u00een Rom\u00e2nia, din foarte multe motive. V\u0103 recomand s\u0103-l citi\u021bi pe Bogdan Tiberiu Iacob; a f\u0103cut o postare extrem de interesant\u0103 din acest punct de vedere.<\/p>\n<p>Am urm\u0103rit \u0219i cearta pe tema concertului de la Viena (eu nu m-am uitat la concert), dar \u0219i ce alte lucruri s-au mai petrecut \u00een lume, cum ar fi biserica ars\u0103 din Amsterdam. M\u0103 \u00eentreb, \u00eens\u0103: de ce v-a\u021bi certat? Dincolo de aceste tragedii, v\u0103d c\u0103 \u0219i acum, \u00een 2026, ave\u021bi tendin\u021ba \u2014 \u0219i m\u0103 refer la ambele tabere \u2014 s\u0103 nu vede\u021bi, de fapt, ce se \u00eent\u00e2mpl\u0103 sub nasul vostru, aici, \u00een Rom\u00e2nia. Parc\u0103 cineva, la un semn, v\u0103 \u00eempinge de la spate s\u0103 comenta\u021bi lucruri care, evident, nici nu ne complic\u0103 via\u021ba, nici nu ne-o fac mai bun\u0103.<\/p>\n<p>Dar, culmea, lucrurile care \u00eentr-adev\u0103r v\u0103 influen\u021beaz\u0103 via\u021ba pare c\u0103 mul\u021bi dintre voi v\u0103 face\u021bi c\u0103 nu le vede\u021bi. Am citit ast\u0103zi mai multe post\u0103ri ale unor personaje care l-au votat pe Nicu\u0219or Dan, iar acum sunt dezam\u0103gite de impozitele aberante puse de Bolojan. Cu toate acestea, le-au pl\u0103tit. Eu am anun\u021bat foarte clar c\u0103 \u00eemi voi pl\u0103ti impozitele abia la sf\u00e2r\u0219itul anului. A\u0219a, \u0219i ce dac\u0103 o s\u0103-mi pun\u0103 penalit\u0103\u021bi? Ast\u0103zi, cineva \u00eemi f\u0103cea socoteala pe pagin\u0103 c\u0103, dac\u0103 le pl\u0103te\u0219ti peste doi ani, lu\u00e2nd \u00een calcul rata infla\u021biei, nu pierzi foarte mult. Era vorba, \u00eens\u0103, de un gest simbolic despre care s-a vorbit la mine \u00een platou. Florin C\u0103linescu a dat un exemplu: \u00een alte \u021b\u0103ri se poate, la noi nu. Nu v\u0103d s\u0103 se fi \u00eenghesuit mul\u021bi s\u0103 refuze plata. De altfel, domnul Bolojan&#8230; nici m\u0103car nu s-au obosit s\u0103 deschid\u0103 aplica\u021bia care, \u00een\u021beleg, se mai blocheaz\u0103 din c\u00e2nd \u00een c\u00e2nd. Eu am intrat asear\u0103 doar ca s\u0103 v\u0103d c\u00e2t am de plat\u0103 \u0219i care este situa\u021bia exact\u0103.<\/p>\n<p>Cred c\u0103 avem o singur\u0103 \u0219ans\u0103 anul acesta: s\u0103 fim mai categorici atunci c\u00e2nd cerem s\u0103 ni se spun\u0103 adev\u0103rul. Pentru c\u0103, \u0219ti\u021bi bine, simplul privit la televizor sau scrisul pe re\u021belele sociale nu rezolv\u0103 problemele. \u00cemi doresc s\u0103 vede\u021bi c\u0103 se poate \u0219i altfel. Ave\u021bi dreptul s\u0103 face\u021bi asta. Ave\u021bi dreptul s\u0103 v\u0103 bate\u021bi pentru drepturile \u0219i libert\u0103\u021bile pe care le g\u0103sim \u00een Constitu\u021bie. Bine, o s\u0103 spune\u021bi c\u0103 \u00een Rom\u00e2nia nu mai respect\u0103 nimeni Constitu\u021bia. Haosul de la Curtea Constitu\u021bional\u0103, modul \u00een care se aplic\u0103 dubla m\u0103sur\u0103 \u2014 am scris despre aceste lucruri zilele trecute.<\/p>\n<p>C\u00e2nd s-au anulat alegerile, au fost primii care au aplaudat decizia Cur\u021bii Constitu\u021bionale. Acum, c\u00e2nd o parte din judec\u0103torii de la Curte (nici nu m\u0103 intereseaz\u0103 din ce tab\u0103r\u0103 sunt) au venit s\u0103 semnaleze c\u0103, doar de dragul lui Bolojan, se \u00eencalc\u0103 absolut toate procedurile, to\u021bi cei care au aplaudat anularea alegerilor s-au scandalizat. Eu \u00een\u021beleg c\u0103 totu\u0219i se tr\u0103ie\u0219te bine \u00een Rom\u00e2nia. Nu v\u0103d nemul\u021bumirea nici pe strad\u0103, nici \u00een Pia\u021ba Victoriei sau \u00een Pia\u021ba Universit\u0103\u021bii. Am \u00een\u021beles, au fost s\u0103rb\u0103torile, oamenii au stat cu familia.<\/p>\n<p>Dar s\u0103 \u0219ti\u021bi c\u0103 nu o s\u0103 vin\u0103 Trump s\u0103 ne rezolve problemele. Eu nici nu sunt adepta acestui lucru; de altfel, am spus de mult\u0103 vreme c\u0103 solu\u021bia nu este s\u0103 vin\u0103 americanii sau oricine altcineva s\u0103 ne salveze. M\u0103 enerveaz\u0103 la culme c\u0103 Macron s-a implicat. Apropo, am v\u0103zut discursul lui Macron de Anul Nou, \u00een care promite alegeri preziden\u021biale anul viitor f\u0103r\u0103 interferen\u021be str\u0103ine. Pe bune? Chiar Macron a promis asta? \u00cei v\u0103d pe liderii europeni cum devin din ce \u00een ce mai mici, \u00een timp ce Uniunea European\u0103 \u2014 aia \u201eputernic\u0103\u201d \u2014 ne-a mai scos 50 de milioane de euro din buzunar pentru Ucraina, a\u0219a, dintr-un foc. \u00cen schimb, bani pentru rom\u00e2ni nu sunt: nici pentru cei cu dizabilit\u0103\u021bi, nici pentru pensionari, nici pentru copii.<\/p>\n<p>\u00cei v\u0103d pe to\u021bi c\u00e2t de insignifican\u021bi devin, de\u0219i se pretind speciali\u0219ti \u00een politic\u0103 extern\u0103. E interesant cum unii \u00eel aplaud\u0103 pe Donald Trump acum. \u0218ti\u021bi c\u0103 eu sunt un mare fan al lui Trump, dar, a\u0219a cum am luat pozi\u021bie \u0219i \u00een ceea ce s-a \u00eent\u00e2mplat \u00een Gaza, evident c\u0103 nu \u00eel ap\u0103r orbe\u0219te. Nici pe pre\u0219edintele din Venezuela nu \u00eel ap\u0103r. E foarte clar: n-am fost \u00een Venezuela, dar am citit \u0219i am urm\u0103rit discu\u021biile din platou c\u00e2nd venea domnul general Talpe\u0219 \u0219i vorbea despre dolarizare \u0219i despre perspectivele din acea zon\u0103. Unii nici m\u0103car nu se uitau c\u0103tre acea regiune. Este o evolu\u021bie fireasc\u0103, era previzibil\u0103; de altfel, \u0219i domnul Georgescu vorbea de foarte mult\u0103 vreme despre ce se \u00eent\u00e2mpl\u0103 acolo.<\/p>\n<p>V\u0103d c\u0103 mul\u021bi se \u00eentrec \u00een analize \u0219i \u00eei cert\u0103 pe suverani\u0219tii care sunt de acord cu Trump, de\u0219i ei \u00een\u0219i\u0219i se pretind suverani\u0219ti. Este un spectacol interesant zilele acestea: se pare c\u0103 e\u0219ti un \u201esuveranist nasol\u201d dac\u0103 \u00eel aplauzi pe Trump. Eu cred c\u0103 lucrurile trebuie privite dintr-o alt\u0103 perspectiv\u0103 \u0219i m\u0103 surprinde c\u00e2t de pu\u021bini discut\u0103, de fapt, despre noua ordine mondial\u0103 care se prefigureaz\u0103. Noi putem s\u0103 ne cert\u0103m \u00een continuare \u00eentre noi, dar nu a\u0219tepta\u021bi s\u0103 vin\u0103 americanii s\u0103 ne rezolve situa\u021bia. Da, este adev\u0103rat ce a spus domnul Georgescu: lui Trump nu-i plac \u021b\u0103rile care anuleaz\u0103 alegeri, mai ales cele care invoc\u0103 interferen\u021ba rus\u0103, a\u0219a cum s-a \u00eent\u00e2mplat \u0219i \u00een America.<\/p>","protected":false},"excerpt":{"rendered":"<p>Am urm\u0103rit cu aten\u021bie tot ce se \u00eent\u00e2mpl\u0103, de\u0219i am fost plecat\u0103 \u00eentr-o \u021bar\u0103 \u00een&hellip;<\/p>\n","protected":false},"author":0,"featured_media":56181,"comment_status":"open","ping_status":"open","sticky":false,"template":"","format":"standard","meta":{"footnotes":""},"categories":[2],"tags":[],"class_list":["post-56180","post","type-post","status-publish","format-standard","has-post-thumbnail","hentry","category-actual"],"_links":{"self":[{"href":"https:\/\/247stiri.ro\/index.php\/wp-json\/wp\/v2\/posts\/56180","targetHints":{"allow":["GET"]}}],"collection":[{"href":"https:\/\/247stiri.ro\/index.php\/wp-json\/wp\/v2\/posts"}],"about":[{"href":"https:\/\/247stiri.ro\/index.php\/wp-json\/wp\/v2\/types\/post"}],"replies":[{"embeddable":true,"href":"https:\/\/247stiri.ro\/index.php\/wp-json\/wp\/v2\/comments?post=56180"}],"version-history":[{"count":0,"href":"https:\/\/247stiri.ro\/index.php\/wp-json\/wp\/v2\/posts\/56180\/revisions"}],"wp:featuredmedia":[{"embeddable":true,"href":"https:\/\/247stiri.ro\/index.php\/wp-json\/wp\/v2\/media\/56181"}],"wp:attachment":[{"href":"https:\/\/247stiri.ro\/index.php\/wp-json\/wp\/v2\/media?parent=56180"}],"wp:term":[{"taxonomy":"category","embeddable":true,"href":"https:\/\/247stiri.ro\/index.php\/wp-json\/wp\/v2\/categories?post=56180"},{"taxonomy":"post_tag","embeddable":true,"href":"https:\/\/247stiri.ro\/index.php\/wp-json\/wp\/v2\/tags?post=56180"}],"curies":[{"name":"wp","href":"https:\/\/api.w.org\/{rel}","templated":true}]}}