{"id":56197,"date":"2026-01-05T22:45:11","date_gmt":"2026-01-05T22:45:11","guid":{"rendered":"https:\/\/247stiri.ro\/index.php\/2026\/01\/05\/delcy-rodriguez-a-preluat-interimatul-presedintiei-venezuelei-dupa-ce-nicolas-maduro-a-fost-capturat-de-catre-sua\/"},"modified":"2026-01-05T22:45:11","modified_gmt":"2026-01-05T22:45:11","slug":"delcy-rodriguez-a-preluat-interimatul-presedintiei-venezuelei-dupa-ce-nicolas-maduro-a-fost-capturat-de-catre-sua","status":"publish","type":"post","link":"https:\/\/247stiri.ro\/index.php\/2026\/01\/05\/delcy-rodriguez-a-preluat-interimatul-presedintiei-venezuelei-dupa-ce-nicolas-maduro-a-fost-capturat-de-catre-sua\/","title":{"rendered":"Delcy Rodriguez a preluat interimatul pre\u0219edin\u021biei Venezuelei, dup\u0103 ce Nicolas Maduro a fost capturat de c\u0103tre SUA"},"content":{"rendered":"<p>Ceremonia a avut loc la Palatul Miraflores, \u00een prezen\u021ba principalilor membri ai guvernului \u0219i ai armatei.<\/p>\n<p>Rodriguez, fost\u0103 vicepre\u0219edint\u0103 \u0219i prima \u00een ordinea constitu\u021bional\u0103 de succesiune, a preluat luni atribu\u021biile de \u0219ef al statului \u00een baza unei decizii a Cur\u021bii Supreme, care i-a acordat un mandat interimar de 90 de zile, cu posibilitatea de prelungire. Armata venezuelean\u0103 \u0219i-a exprimat sprijinul pentru noul lider \u00eenc\u0103 de duminic\u0103.<\/p>\n<p>\u201eVin aici cu triste\u021be din cauza r\u0103pirii a doi eroi care sunt \u021binu\u021bi ostatici \u00een Statele Unite. Am onoarea de a depune jur\u0103m\u00e2ntul \u00een numele tuturor venezuelenilor\u201d, a declarat Delcy Rodriguez \u00een discursul s\u0103u de \u00eenvestire.<\/p>\n<p>Dup\u0103 ce ini\u021bial a calificat capturarea lui Nicol\u00e1s Maduro de c\u0103tre for\u021bele americane drept un \u201eact barbar\u201d, Rodriguez a adoptat ulterior un ton mai moderat, \u00eendemn\u00e2nd Statele Unite la dialog \u0219i cooperare pe o \u201eagend\u0103 comun\u0103\u201d, potrivit agen\u021biei Bloomberg.<\/p>\n<p>Tot luni, noua Adunare Na\u021bional\u0103 a Venezuelei \u0219i-a \u00eenceput lucr\u0103rile \u00eentr-un climat de sus\u021binere fa\u021b\u0103 de fostul pre\u0219edinte. Parlamentarii alian\u021bei de guvern\u0103m\u00e2nt au scandat \u201e\u00a1Vamos, Nico!\u201d, slogan folosit \u00een campaniile electorale ale lui Maduro, denun\u021b\u00e2nd ac\u021biunea Washingtonului ca pe o \u201er\u0103pire\u201d \u0219i un \u201eatac fascist\u201d.<\/p>\n<p>\u201ePre\u015fedintele Statelor Unite, dl. Trump, pretinde c\u0103 este procurorul, judec\u0103torul \u015fi poli\u0163istul lumii. Din Venezuela bolivarian\u0103, noi spunem: \u00abNu ve\u0163i reu\u015fi\u00bb. \u015ei ne vom demonstra \u00een final \u00eentreaga solidaritate pentru ca pre\u015fedintele nostru legitim, Nicolas Maduro, s\u0103 revin\u0103 victorios la Miraflores\u201d (palatul preziden\u0163ial, n. red.), a declarat \u00een deschiderea \u015fedin\u0163ei decanul deputa\u0163ilor, Fernando Soto Rojas.<\/p>\n<p>Preluarea atribu\u021biilor de c\u0103tre Rodriguez vine \u00een contextul \u00een care pre\u0219edintele Nicol\u00e1s Maduro a fost adus \u00een fa\u021ba unui tribunal federal din New York, unde este judecat pentru presupuse leg\u0103turi cu traficul de droguri \u0219i terorismul interna\u021bional.<\/p>\n<p>Procurorii americani \u00eel acuz\u0103 pe Maduro c\u0103 a coordonat, timp de ani de zile, o re\u021bea de contraband\u0103 cu cocain\u0103 \u00een colaborare cu organiza\u021bii paramilitare din America Latin\u0103.<\/p>\n<p>Noua pre\u0219edint\u0103 interimar\u0103 a promis \u201estabilitate \u0219i continuitate institu\u021bional\u0103\u201d p\u00e2n\u0103 la clarificarea situa\u021biei juridice a liderului socialist, insist\u00e2nd asupra ideii de \u201eagresiune judiciar\u0103\u201d a Statelor Unite \u00eempotriva Venezuelei.<\/p>\n<p>Criza actual\u0103 amplific\u0103 tensiunile interne \u0219i interna\u021bionale legate de regimul chavist, \u00eentr-un moment \u00een care economia venezuelean\u0103 r\u0103m\u00e2ne profund afectat\u0103 de sanc\u021biunile impuse de Washington \u0219i de instabilitatea politic\u0103 intern\u0103.<\/p>","protected":false},"excerpt":{"rendered":"<p>Ceremonia a avut loc la Palatul Miraflores, \u00een prezen\u021ba principalilor membri ai guvernului \u0219i ai&hellip;<\/p>\n","protected":false},"author":0,"featured_media":56185,"comment_status":"open","ping_status":"open","sticky":false,"template":"","format":"standard","meta":{"footnotes":""},"categories":[2],"tags":[],"class_list":["post-56197","post","type-post","status-publish","format-standard","has-post-thumbnail","hentry","category-actual"],"_links":{"self":[{"href":"https:\/\/247stiri.ro\/index.php\/wp-json\/wp\/v2\/posts\/56197","targetHints":{"allow":["GET"]}}],"collection":[{"href":"https:\/\/247stiri.ro\/index.php\/wp-json\/wp\/v2\/posts"}],"about":[{"href":"https:\/\/247stiri.ro\/index.php\/wp-json\/wp\/v2\/types\/post"}],"replies":[{"embeddable":true,"href":"https:\/\/247stiri.ro\/index.php\/wp-json\/wp\/v2\/comments?post=56197"}],"version-history":[{"count":0,"href":"https:\/\/247stiri.ro\/index.php\/wp-json\/wp\/v2\/posts\/56197\/revisions"}],"wp:featuredmedia":[{"embeddable":true,"href":"https:\/\/247stiri.ro\/index.php\/wp-json\/wp\/v2\/media\/56185"}],"wp:attachment":[{"href":"https:\/\/247stiri.ro\/index.php\/wp-json\/wp\/v2\/media?parent=56197"}],"wp:term":[{"taxonomy":"category","embeddable":true,"href":"https:\/\/247stiri.ro\/index.php\/wp-json\/wp\/v2\/categories?post=56197"},{"taxonomy":"post_tag","embeddable":true,"href":"https:\/\/247stiri.ro\/index.php\/wp-json\/wp\/v2\/tags?post=56197"}],"curies":[{"name":"wp","href":"https:\/\/api.w.org\/{rel}","templated":true}]}}