{"id":56222,"date":"2026-01-06T06:45:13","date_gmt":"2026-01-06T06:45:13","guid":{"rendered":"https:\/\/247stiri.ro\/index.php\/2026\/01\/06\/focuri-de-arma-la-palatul-prezidential-din-venezuela-in-urma-unui-atac-cu-drone-caracas-sub-alerta-dupa-juramantul-lui-delcy-rodriguez-video\/"},"modified":"2026-01-06T06:45:13","modified_gmt":"2026-01-06T06:45:13","slug":"focuri-de-arma-la-palatul-prezidential-din-venezuela-in-urma-unui-atac-cu-drone-caracas-sub-alerta-dupa-juramantul-lui-delcy-rodriguez-video","status":"publish","type":"post","link":"https:\/\/247stiri.ro\/index.php\/2026\/01\/06\/focuri-de-arma-la-palatul-prezidential-din-venezuela-in-urma-unui-atac-cu-drone-caracas-sub-alerta-dupa-juramantul-lui-delcy-rodriguez-video\/","title":{"rendered":"Focuri de arm\u0103 la Palatul preziden\u021bial din Venezuela, \u00een urma unui atac cu drone, Caracas sub alert\u0103 dup\u0103 jur\u0103m\u00e2ntul lui Delcy Rodriguez &#8211; VIDEO"},"content":{"rendered":"<p>Martorii au relatat c\u0103 focurile de arm\u0103 s-au auzit \u00een jurul orei locale 20:00 (mar\u021bi ora Rom\u00e2niei 02:00), \u00een zona Palatului Miraflores, sediul pre\u015fedintelui Venezuelei, situat \u00een sectorul Libertador Bolivarian din capital\u0103. Drone neidentificate ar fi survolat complexul preziden\u0163ial, iar for\u0163ele de securitate ar fi r\u0103spuns cu tiruri, inclusiv antiaeriene, pe cerul nop\u0163ii, conform <a href=\"https:\/\/nypost.com\/2026\/01\/05\/world-news\/anxious-venezuelan-security-forces-open-fire-on-drones-flying-near-presidential-palace\/\" target=\"_blank\">New York Post<\/a>.<\/p>\n<p>Drone \u00een apropierea palatului preziden\u021bial venezuelean, Miraflores<\/p>\n<p>Videoclipuri geolocalizate \u015fi difuzate de CNN \u015fi pe re\u0163elele sociale arat\u0103 lumini atribuite dronelor \u015fi focurilor antiaeriene, precum \u015fi mobilizarea trupelor \u00een jurul palatului.<\/p>\n<p>\ud83d\udea8 Venezuela | An irregular situation has been reported, with alleged gunshots and personnel mobilization in the vicinity of the Miraflores Palace in Caracas\ud83d\udc49 Developing story <a href=\"https:\/\/t.co\/ig4NltKC8h\">pic.twitter.com\/ig4NltKC8h<\/a><\/p>\n<p>\u2014 VOZ (@Voz_US) <a href=\"https:\/\/twitter.com\/Voz_US\/status\/2008337978360230220?ref_src=twsrc%5Etfw\">January 6, 2026<\/a><\/p>\n<p>Shootings in Miraflores involving the use of anti-aircraft batteries and the deployment of troops in the areas surrounding the Miraflores Palace. <a href=\"https:\/\/t.co\/ipOTuf0vWG\">pic.twitter.com\/ipOTuf0vWG<\/a><\/p>\n<p>\u2014 Prathamesh (@prathameshtwts) <a href=\"https:\/\/twitter.com\/prathameshtwts\/status\/2008356182356881593?ref_src=twsrc%5Etfw\">January 6, 2026<\/a><\/p>\n<p><a href=\"https:\/\/twitter.com\/hashtag\/Urgente?src=hash&amp;ref_src=twsrc%5Etfw\">#Urgente<\/a> | Se reportan disparos en Miraflores <a href=\"https:\/\/twitter.com\/hashtag\/5Ene?src=hash&amp;ref_src=twsrc%5Etfw\">#5Ene<\/a> <a href=\"https:\/\/t.co\/C71z5YxzSd\">pic.twitter.com\/C71z5YxzSd<\/a><\/p>\n<p>\u2014 VOCES ve (@vocesve) <a href=\"https:\/\/twitter.com\/vocesve\/status\/2008343535326527651?ref_src=twsrc%5Etfw\">January 6, 2026<\/a><\/p>\n<p>Un oficial al Casei Albe, citat de CNN, a declarat c\u0103 Washingtonul urm\u0103re\u015fte cu aten\u0163ie situa\u0163ia, dar a subliniat c\u0103 \u201eSUA nu sunt implicate\u201d \u00een incident.\u200bIncidentul survine la c\u00e2teva ore dup\u0103 ce vicepre\u015fedinta Delcy Rodriguez a depus jur\u0103m\u00e2ntul ca pre\u015fedinte interimar al Venezuelei, \u00een absen\u0163a lui Nicolas Maduro. Maduro a avut luni prima \u00eenf\u0103\u0163i\u015fare \u00een fa\u0163a justi\u0163iei americane, la New York, unde a pledat nevinovat la acuza\u0163ii ce includ conspira\u0163ie la narcoterorism.<\/p>\n<p>Nicolas Maduro \u015fi so\u0163ia sa au fost captura\u0163i \u015fi sco\u015fi din Venezuela \u00een urma unei opera\u0163iuni a for\u0163elor speciale americane derulate \u00een noaptea de s\u00e2mb\u0103t\u0103. Potrivit secretarului ap\u0103r\u0103rii Pete Hegseth, misiunea secret\u0103 ar fi implicat aproape 200 de membri ai personalului militar american la sol, \u00een Caracas.Guvernul cubanez a anun\u0163at c\u0103 32 de cet\u0103\u0163eni cubanezi au fost uci\u015fi \u00een raidul american care a vizat capturarea lui Nicolas Maduro pentru a fi judecat \u00een Statele Unite. Havana a mai transmis c\u0103 o femeie de circa 80 de ani, Rosa Gonzales, ar fi murit \u00een urma loviturilor aeriene americane din 3 ianuarie, care au avariat locuin\u0163a \u00een care se afla.<\/p>","protected":false},"excerpt":{"rendered":"<p>Martorii au relatat c\u0103 focurile de arm\u0103 s-au auzit \u00een jurul orei locale 20:00 (mar\u021bi&hellip;<\/p>\n","protected":false},"author":0,"featured_media":56218,"comment_status":"open","ping_status":"open","sticky":false,"template":"","format":"standard","meta":{"footnotes":""},"categories":[2],"tags":[],"class_list":["post-56222","post","type-post","status-publish","format-standard","has-post-thumbnail","hentry","category-actual"],"_links":{"self":[{"href":"https:\/\/247stiri.ro\/index.php\/wp-json\/wp\/v2\/posts\/56222","targetHints":{"allow":["GET"]}}],"collection":[{"href":"https:\/\/247stiri.ro\/index.php\/wp-json\/wp\/v2\/posts"}],"about":[{"href":"https:\/\/247stiri.ro\/index.php\/wp-json\/wp\/v2\/types\/post"}],"replies":[{"embeddable":true,"href":"https:\/\/247stiri.ro\/index.php\/wp-json\/wp\/v2\/comments?post=56222"}],"version-history":[{"count":0,"href":"https:\/\/247stiri.ro\/index.php\/wp-json\/wp\/v2\/posts\/56222\/revisions"}],"wp:featuredmedia":[{"embeddable":true,"href":"https:\/\/247stiri.ro\/index.php\/wp-json\/wp\/v2\/media\/56218"}],"wp:attachment":[{"href":"https:\/\/247stiri.ro\/index.php\/wp-json\/wp\/v2\/media?parent=56222"}],"wp:term":[{"taxonomy":"category","embeddable":true,"href":"https:\/\/247stiri.ro\/index.php\/wp-json\/wp\/v2\/categories?post=56222"},{"taxonomy":"post_tag","embeddable":true,"href":"https:\/\/247stiri.ro\/index.php\/wp-json\/wp\/v2\/tags?post=56222"}],"curies":[{"name":"wp","href":"https:\/\/api.w.org\/{rel}","templated":true}]}}