{"id":56224,"date":"2026-01-06T06:45:14","date_gmt":"2026-01-06T06:45:14","guid":{"rendered":"https:\/\/247stiri.ro\/index.php\/2026\/01\/06\/avertizare-de-ceata-pe-numeroase-sosele-inclusiv-pe-a2-vizibilitate-sub-200-de-metri\/"},"modified":"2026-01-06T06:45:14","modified_gmt":"2026-01-06T06:45:14","slug":"avertizare-de-ceata-pe-numeroase-sosele-inclusiv-pe-a2-vizibilitate-sub-200-de-metri","status":"publish","type":"post","link":"https:\/\/247stiri.ro\/index.php\/2026\/01\/06\/avertizare-de-ceata-pe-numeroase-sosele-inclusiv-pe-a2-vizibilitate-sub-200-de-metri\/","title":{"rendered":"Avertizare de cea\u021b\u0103 pe numeroase \u0219osele, inclusiv pe A2. Vizibilitate sub 200 de metri"},"content":{"rendered":"<p>Este semnalat\u0103 cea\u021b\u0103, care reduce vizibilitatea \u00een trafic la sub 200 de metri, pe autostr\u0103zile A1 Bucure\u0219ti \u2013 Pite\u0219ti, pe tronsonul kilometric 10 \u2013 148, pe A2 Bucure\u0219ti \u2013 Constan\u021ba, pe tronsonul kilometric 10 \u2013 160, pe A3 Bucure\u0219ti-Ploie\u0219ti, pe tronsonul kilometric 50 \u2013 100 , dar \u0219i pe autostrada A7 Bucure\u0219ti \u2013 Adjud, pe tronsonul kilometric 1 \u2013 52, carosabilul fiind umed. Pe unele sectoare de drum se ac\u021bioneaz\u0103 cu material antiderapant.<\/p>\n<p>Acela\u0219i fenomen meteorologic care scade vizibilitatea \u00een trafic la sub 200 de metri, pe alocuri chiar la sub 50 de metri este semnalat \u00een municipiul Bucure\u0219ti dar \u0219i pe mai multe drumuri din jude\u021bele Br\u0103ila, C\u0103l\u0103ra\u0219i, Constan\u021ba, Gala\u021bi, Ialomi\u021ba, Olt, Tulcea \u0219i V\u00e2lcea<\/p>\n<p>La nivel na\u021bional se circul\u0103 pe un carosabil umed, fiind semnalate izolat precipita\u021bii mixte \u0219i sub form\u0103 ninsori u\u0219oare, f\u0103r\u0103 a fi afectat traficul rutier. \u00cen zonele respective se ac\u021bioneaz\u0103 cu utilaje pentru a asigura fluen\u021ba traficului.<\/p>\n<p>Pe celelalte artere rutiere principale, respectiv pe DN 1 Ploie\u0219ti-Bra\u0219ov \u0219i DN 7 Pite\u0219ti-Sibiu, traficul rutier se desf\u0103\u0219oar\u0103 fluent, \u00een condi\u021biile unui carosabil umed, f\u0103r\u0103 precipita\u021bii, cu vizibilitate afectat\u0103 izolat de cea\u021b\u0103 \u0219i f\u0103r\u0103 evenimente rutiere \u00een desf\u0103\u0219urare.<\/p>\n<p>\u00cenainte de a porni \u00een c\u0103l\u0103torie, informa\u021bi-v\u0103 cu privire la condi\u021biile meteorologice \u0219i la restric\u021biile impuse pe traseul pe care-l ave\u021bi de parcurs.<\/p>","protected":false},"excerpt":{"rendered":"<p>Este semnalat\u0103 cea\u021b\u0103, care reduce vizibilitatea \u00een trafic la sub 200 de metri, pe autostr\u0103zile&hellip;<\/p>\n","protected":false},"author":0,"featured_media":56225,"comment_status":"open","ping_status":"open","sticky":false,"template":"","format":"standard","meta":{"footnotes":""},"categories":[2],"tags":[],"class_list":["post-56224","post","type-post","status-publish","format-standard","has-post-thumbnail","hentry","category-actual"],"_links":{"self":[{"href":"https:\/\/247stiri.ro\/index.php\/wp-json\/wp\/v2\/posts\/56224","targetHints":{"allow":["GET"]}}],"collection":[{"href":"https:\/\/247stiri.ro\/index.php\/wp-json\/wp\/v2\/posts"}],"about":[{"href":"https:\/\/247stiri.ro\/index.php\/wp-json\/wp\/v2\/types\/post"}],"replies":[{"embeddable":true,"href":"https:\/\/247stiri.ro\/index.php\/wp-json\/wp\/v2\/comments?post=56224"}],"version-history":[{"count":0,"href":"https:\/\/247stiri.ro\/index.php\/wp-json\/wp\/v2\/posts\/56224\/revisions"}],"wp:featuredmedia":[{"embeddable":true,"href":"https:\/\/247stiri.ro\/index.php\/wp-json\/wp\/v2\/media\/56225"}],"wp:attachment":[{"href":"https:\/\/247stiri.ro\/index.php\/wp-json\/wp\/v2\/media?parent=56224"}],"wp:term":[{"taxonomy":"category","embeddable":true,"href":"https:\/\/247stiri.ro\/index.php\/wp-json\/wp\/v2\/categories?post=56224"},{"taxonomy":"post_tag","embeddable":true,"href":"https:\/\/247stiri.ro\/index.php\/wp-json\/wp\/v2\/tags?post=56224"}],"curies":[{"name":"wp","href":"https:\/\/api.w.org\/{rel}","templated":true}]}}