{"id":56257,"date":"2026-01-06T08:45:50","date_gmt":"2026-01-06T08:45:50","guid":{"rendered":"https:\/\/247stiri.ro\/index.php\/2026\/01\/06\/denis-dragus-a-fost-exclus-de-la-eyupspor-si-este-pe-picior-de-plecare-dupa-doar-o-jumatate-de-sezon-atacantul-si-a-gasit-deja-echipa\/"},"modified":"2026-01-06T08:45:50","modified_gmt":"2026-01-06T08:45:50","slug":"denis-dragus-a-fost-exclus-de-la-eyupspor-si-este-pe-picior-de-plecare-dupa-doar-o-jumatate-de-sezon-atacantul-si-a-gasit-deja-echipa","status":"publish","type":"post","link":"https:\/\/247stiri.ro\/index.php\/2026\/01\/06\/denis-dragus-a-fost-exclus-de-la-eyupspor-si-este-pe-picior-de-plecare-dupa-doar-o-jumatate-de-sezon-atacantul-si-a-gasit-deja-echipa\/","title":{"rendered":"Denis Dr\u0103gu\u0219 a fost exclus de la Eyupspor \u0219i este pe picior de plecare dup\u0103 doar o jum\u0103tate de sezon. Atacantul \u0219i-a g\u0103sit deja echip\u0103"},"content":{"rendered":"<p>Atacantul, \u00eemprumutat de Trabzonspor p\u00e2n\u0103 la finalul sezonului, se num\u0103r\u0103 printre juc\u0103torii exclu\u0219i de antrenorul Atila Gerin, al\u0103turi de Mame Thiam, Umut Meras sau Emre Akbaba, potrivit <a href=\"https:\/\/x.com\/HTSpor\/status\/2008269542087422051\" target=\"_blank\">HT Spor<\/a>.<\/p>\n<p>Posibil\u0103 revenire la Gaziantep<\/p>\n<p>Presa turc\u0103 indic\u0103 Gaziantep ca destina\u021bie probabil\u0103 pentru Dr\u0103gu\u0219, unde a marcat 14 goluri \u0219i o pas\u0103 decisiv\u0103 \u00een 32 de meciuri \u00een sezonul 2023-2024. Antrenorul Burak Yilmaz \u00eel dore\u0219te insistent, iar atacantul \u0219i-a exprimat preferin\u021ba pentru aceast\u0103 mutare prin Trabzonspor. Negocierile avanseaz\u0103, cu Trabzonspor cer\u00e2nd juc\u0103tori precum Drissa Kamara \u0219i Kacper Kozlowski plus o sum\u0103 de transfer.<\/p>\n<p>Dr\u0103gu\u0219 a bifat \u00een tricoul lui Eyupspor 12 apari\u021bii \u00een S\u00fcper Lig f\u0103r\u0103 goluri sau pase decisive, de\u0219i a \u00eenceput 10 meciuri. Proprietarul s\u0103u, Trabzonspor, l-a cump\u0103rat \u00een 2024 cu 1,7 milioane euro de la Standard Li\u00e8ge, dar \u00eemprumutul nereu\u0219it deschide u\u0219a pentru un nou transfer.<\/p>\n<p>Dr\u0103gu\u0219 are 27 de selec\u021bii la echipa na\u021bional\u0103 cu 7 goluri, dar va lipsi la barajul cu Turcia pentru Mondial din cauza unui ro\u0219u direct primit \u00een \u00eenfr\u00e2ngerea cu Bosnia (1-3). Mircea Lucescu \u00eel monitorizeaz\u0103 atent, \u00een contextul problemelor ofensive ale na\u021bionalei.<\/p>","protected":false},"excerpt":{"rendered":"<p>Atacantul, \u00eemprumutat de Trabzonspor p\u00e2n\u0103 la finalul sezonului, se num\u0103r\u0103 printre juc\u0103torii exclu\u0219i de antrenorul&hellip;<\/p>\n","protected":false},"author":0,"featured_media":56250,"comment_status":"open","ping_status":"open","sticky":false,"template":"","format":"standard","meta":{"footnotes":""},"categories":[2],"tags":[],"class_list":["post-56257","post","type-post","status-publish","format-standard","has-post-thumbnail","hentry","category-actual"],"_links":{"self":[{"href":"https:\/\/247stiri.ro\/index.php\/wp-json\/wp\/v2\/posts\/56257","targetHints":{"allow":["GET"]}}],"collection":[{"href":"https:\/\/247stiri.ro\/index.php\/wp-json\/wp\/v2\/posts"}],"about":[{"href":"https:\/\/247stiri.ro\/index.php\/wp-json\/wp\/v2\/types\/post"}],"replies":[{"embeddable":true,"href":"https:\/\/247stiri.ro\/index.php\/wp-json\/wp\/v2\/comments?post=56257"}],"version-history":[{"count":0,"href":"https:\/\/247stiri.ro\/index.php\/wp-json\/wp\/v2\/posts\/56257\/revisions"}],"wp:featuredmedia":[{"embeddable":true,"href":"https:\/\/247stiri.ro\/index.php\/wp-json\/wp\/v2\/media\/56250"}],"wp:attachment":[{"href":"https:\/\/247stiri.ro\/index.php\/wp-json\/wp\/v2\/media?parent=56257"}],"wp:term":[{"taxonomy":"category","embeddable":true,"href":"https:\/\/247stiri.ro\/index.php\/wp-json\/wp\/v2\/categories?post=56257"},{"taxonomy":"post_tag","embeddable":true,"href":"https:\/\/247stiri.ro\/index.php\/wp-json\/wp\/v2\/tags?post=56257"}],"curies":[{"name":"wp","href":"https:\/\/api.w.org\/{rel}","templated":true}]}}