{"id":56258,"date":"2026-01-06T08:45:51","date_gmt":"2026-01-06T08:45:51","guid":{"rendered":"https:\/\/247stiri.ro\/index.php\/2026\/01\/06\/ce-face-fostul-sef-anaf-cand-ramane-fara-curent-scena-care-a-luat-prin-surprindere-internetul-video\/"},"modified":"2026-01-06T08:45:51","modified_gmt":"2026-01-06T08:45:51","slug":"ce-face-fostul-sef-anaf-cand-ramane-fara-curent-scena-care-a-luat-prin-surprindere-internetul-video","status":"publish","type":"post","link":"https:\/\/247stiri.ro\/index.php\/2026\/01\/06\/ce-face-fostul-sef-anaf-cand-ramane-fara-curent-scena-care-a-luat-prin-surprindere-internetul-video\/","title":{"rendered":"Ce face fostul \u0219ef ANAF c\u00e2nd r\u0103m\u00e2ne f\u0103r\u0103 curent. Scena care a luat prin surprindere internetul &#8211; VIDEO"},"content":{"rendered":"<p>\u00cen videoclipul devenit viral, Heiu\u0219 apare pe \u00eentuneric, \u00eembr\u0103cat doar cu un \u0219ort, arunc\u00e2ndu-se direct \u00een z\u0103pada proasp\u0103t\u0103. Filmarea surprinde atmosfera rece, lini\u0219tea muntelui \u0219i entuziasmul cu care acesta se bucur\u0103 de moment.<\/p>\n<p>\u00cen timp ce se filmeaz\u0103, el spune: \u201eCum \u00eencepe o zi bun\u0103 la munte dec\u00e2t cu o baie \u00een z\u0103pad\u0103? Ce zi fain\u0103. A\u0219a-i la munte.\u201d<\/p>\n\n<p>Explica\u021biile oferite pe Facebook<\/p>\n<p>\u00cen descrierea post\u0103rii publicate pe Facebook, vicepre\u0219edintele Cur\u021bii de Conturi a precizat contextul \u00een care a fost realizat videoclipul: \u201eDiminea\u021ba, dup\u0103 dou\u0103 zile f\u0103r\u0103 energie electric\u0103\u201d.<\/p>\n<p>\u00centreruperi de curent \u00een mai multe zone ale \u021b\u0103rii<\/p>\n<p>Postarea a ap\u0103rut \u00een condi\u021biile \u00een care numeroase zone din Rom\u00e2nia s-au confruntat cu pene de curent, generate de vremea extrem\u0103 care a afectat infrastructura electric\u0103.<\/p>\n<p>Parcursul profesional al lui Lucian Heiu\u0219<\/p>\n<p>De-a lungul carierei sale, Lucian Heiu\u0219 a ocupat mai multe func\u021bii publice, printre care cea de pre\u0219edinte al ANAF, secretar de stat \u00een Ministerul Finan\u021belor \u0219i pre\u0219edinte al PNL Hunedoara.<\/p>\n<p><a title=\"Veste buna de la ANAF chiar la inceput de an. Ce datorii sunt anulate automat in primele zile din 2026\" href=\"https:\/\/www.realitatea.net\/stiri\/economie\/veste-buna-de-la-anaf-chiar-la-inceput-de-an-ce-datorii-sunt-anulate-automat-in-primele-zile-din-2026_695901df056d8a0b686a9f33\">Veste bun\u0103 de la ANAF chiar la \u00eenceput de an. Ce datorii sunt anulate automat \u00een primele zile din 2026<\/a><\/p>","protected":false},"excerpt":{"rendered":"<p>\u00cen videoclipul devenit viral, Heiu\u0219 apare pe \u00eentuneric, \u00eembr\u0103cat doar cu un \u0219ort, arunc\u00e2ndu-se direct&hellip;<\/p>\n","protected":false},"author":0,"featured_media":56259,"comment_status":"open","ping_status":"open","sticky":false,"template":"","format":"standard","meta":{"footnotes":""},"categories":[2],"tags":[],"class_list":["post-56258","post","type-post","status-publish","format-standard","has-post-thumbnail","hentry","category-actual"],"_links":{"self":[{"href":"https:\/\/247stiri.ro\/index.php\/wp-json\/wp\/v2\/posts\/56258","targetHints":{"allow":["GET"]}}],"collection":[{"href":"https:\/\/247stiri.ro\/index.php\/wp-json\/wp\/v2\/posts"}],"about":[{"href":"https:\/\/247stiri.ro\/index.php\/wp-json\/wp\/v2\/types\/post"}],"replies":[{"embeddable":true,"href":"https:\/\/247stiri.ro\/index.php\/wp-json\/wp\/v2\/comments?post=56258"}],"version-history":[{"count":0,"href":"https:\/\/247stiri.ro\/index.php\/wp-json\/wp\/v2\/posts\/56258\/revisions"}],"wp:featuredmedia":[{"embeddable":true,"href":"https:\/\/247stiri.ro\/index.php\/wp-json\/wp\/v2\/media\/56259"}],"wp:attachment":[{"href":"https:\/\/247stiri.ro\/index.php\/wp-json\/wp\/v2\/media?parent=56258"}],"wp:term":[{"taxonomy":"category","embeddable":true,"href":"https:\/\/247stiri.ro\/index.php\/wp-json\/wp\/v2\/categories?post=56258"},{"taxonomy":"post_tag","embeddable":true,"href":"https:\/\/247stiri.ro\/index.php\/wp-json\/wp\/v2\/tags?post=56258"}],"curies":[{"name":"wp","href":"https:\/\/api.w.org\/{rel}","templated":true}]}}