{"id":56280,"date":"2026-01-06T09:45:05","date_gmt":"2026-01-06T09:45:05","guid":{"rendered":"https:\/\/247stiri.ro\/index.php\/2026\/01\/06\/presa-din-ungaria-vorbeste-despre-un-miracol-rutier-cand-se-refera-la-autostrada-care-leaga-romania-de-tara-vecina\/"},"modified":"2026-01-06T09:45:05","modified_gmt":"2026-01-06T09:45:05","slug":"presa-din-ungaria-vorbeste-despre-un-miracol-rutier-cand-se-refera-la-autostrada-care-leaga-romania-de-tara-vecina","status":"publish","type":"post","link":"https:\/\/247stiri.ro\/index.php\/2026\/01\/06\/presa-din-ungaria-vorbeste-despre-un-miracol-rutier-cand-se-refera-la-autostrada-care-leaga-romania-de-tara-vecina\/","title":{"rendered":"Presa din Ungaria vorbe\u0219te despre un \u201emiracol rutier\u201d c\u00e2nd se refer\u0103 la autostrada care leag\u0103 Rom\u00e2nia de \u021bara vecin\u0103"},"content":{"rendered":"<p>Autostrada A3, pe segmentul dintre T\u00e2rgu Mure\u0219 \u0219i Bor\u0219, a fost extins\u0103 cu 68 de kilometri. \u00cen acest moment, o por\u021biune de aproximativ 200 de kilometri asigur\u0103 conexiunea direct\u0103 dintre Transilvania \u0219i Ungaria, conform materialul publica\u021biei maghiare <a href=\"https:\/\/mandiner.hu\/kulfold\/2026\/01\/romaniaban-megtortent-amire-trianon-ota-vartunk-hidegzuhany-von-der-leyennek-gyaszol-a-magyar-elsport\" target=\"_blank\">Mandiner<\/a>.<\/p>\n<p>Un eveniment cu \u00eenc\u0103rc\u0103tur\u0103 istoric\u0103, v\u0103zut din Ungaria<\/p>\n<p>Din perspectiva presei din Ungaria, aceast\u0103 realizare este descris\u0103 ca un moment de amploare istoric\u0103, comparabil cu reperele majore ap\u0103rute dup\u0103 semnarea Tratatului de la Trianon din 1920. Mandiner noteaz\u0103 c\u0103 drumul rapid care ajunge efectiv la grani\u021ba cu Ungaria este perceput ca un veritabil \u201emiracol rutier\u201d.<\/p>\n<p>Comentarii cu referin\u021be simbolice<\/p>\n<p>\u00centr-un comentariu formulat \u00eentr-un registru emfatic, jurnali\u0219tii maghiari afirm\u0103 c\u0103 un proiect considerat imposibil \u00een perioada de dup\u0103 Trianon a fost, \u00een cele din urm\u0103, dus la cap\u0103t, Rom\u00e2nia reu\u0219ind s\u0103 construiasc\u0103 o autostrad\u0103 care une\u0219te Transilvania de Ungaria. Aceast\u0103 evolu\u021bie este asociat\u0103 ideii c\u0103 \u201egrani\u021bele istorice \u00ee\u0219i reg\u0103sesc sensul\u201d prin infrastructur\u0103 rutier\u0103, nu prin reprezent\u0103ri cartografice.<\/p>\n<p><a title=\"Autostrada Unirii A8 avanseaza. A fost lansata licitatia pentru ultimul tronson, cu primii km de autostrada in Republica Moldova\" href=\"https:\/\/www.realitatea.net\/stiri\/actual\/autostrada-unirii-a8-avanseaza-a-fost-lansata-licitatia-pentru-ultimul-tronson-cu-primii-km-de-autostrada-in-republica-moldova_6953e98aa3de087f006238e3\">Autostrada Unirii A8 avanseaz\u0103. A fost lansat\u0103 licita\u021bia pentru ultimul tronson, cu primii km de autostrad\u0103 \u00een Republica Moldova<\/a><\/p>\n<p>Planurile anun\u021bate pentru 2026<\/p>\n<p>Potrivit informa\u021biilor citate de Mandiner din declara\u021biile oficialilor rom\u00e2ni, Rom\u00e2nia inten\u021bioneaz\u0103 s\u0103 deschid\u0103 \u00een total aproximativ 250 km de autostrad\u0103 \u00een anul 2026.<\/p>\n<p>Extinderea concret\u0103 a autostr\u0103zii A3<\/p>\n<p>Segmentul dintre T\u00e2rgu Mure\u0219 \u0219i punctul de frontier\u0103 Bor\u0219 a fost prelungit cu 68 km, iar prin aceast\u0103 extindere, lungimea total\u0103 a drumului rapid care face leg\u0103tura dintre Transilvania \u0219i Ungaria ajunge la circa 200 km.<\/p>\n<p>O realizare prezentat\u0103 ca reper istoric<\/p>\n<p>Din punctul de vedere al presei maghiare, aceast\u0103 evolu\u021bie dep\u0103\u0219e\u0219te caracterul strict tehnic al unei lucr\u0103ri de infrastructur\u0103 \u0219i este descris\u0103 drept o \u201erealizare istoric\u0103\u201d, considerat\u0103 de neconceput \u00een urm\u0103 cu un secol. Mandiner caracterizeaz\u0103 proiectul drept un pas formalizat c\u0103tre o \u201econect\u0103ri care trebuia f\u0103cut\u0103 de mult\u201d.<\/p>\n<p>Semnifica\u021bii dincolo de transport<\/p>\n<p>Publica\u021bia din Ungaria eviden\u021biaz\u0103 c\u0103 noua conexiune rutier\u0103 nu este privit\u0103 exclusiv ca un element func\u021bional pentru circula\u021bie, ci este asociat\u0103 \u0219i cu dimensiuni simbolice, prin referiri la grani\u021be, identitate \u0219i leg\u0103turi istorice dintre comunit\u0103\u021bi.<\/p>\n<p><a title=\"Avertizare de ceata pe numeroase sosele, inclusiv pe A2. Vizibilitate sub 200 de metri\" href=\"https:\/\/www.realitatea.net\/stiri\/actual\/avertizare-de-ceata-pe-numeroase-sosele-inclusiv-pe-a2-vizibilitate-sub-200-de-metri_695ca812807cd14ec94dfdd2\">Avertizare de cea\u021b\u0103 pe numeroase \u0219osele, inclusiv pe A2. Vizibilitate sub 200 de metri<\/a><\/p>","protected":false},"excerpt":{"rendered":"<p>Autostrada A3, pe segmentul dintre T\u00e2rgu Mure\u0219 \u0219i Bor\u0219, a fost extins\u0103 cu 68 de&hellip;<\/p>\n","protected":false},"author":0,"featured_media":56281,"comment_status":"open","ping_status":"open","sticky":false,"template":"","format":"standard","meta":{"footnotes":""},"categories":[2],"tags":[],"class_list":["post-56280","post","type-post","status-publish","format-standard","has-post-thumbnail","hentry","category-actual"],"_links":{"self":[{"href":"https:\/\/247stiri.ro\/index.php\/wp-json\/wp\/v2\/posts\/56280","targetHints":{"allow":["GET"]}}],"collection":[{"href":"https:\/\/247stiri.ro\/index.php\/wp-json\/wp\/v2\/posts"}],"about":[{"href":"https:\/\/247stiri.ro\/index.php\/wp-json\/wp\/v2\/types\/post"}],"replies":[{"embeddable":true,"href":"https:\/\/247stiri.ro\/index.php\/wp-json\/wp\/v2\/comments?post=56280"}],"version-history":[{"count":0,"href":"https:\/\/247stiri.ro\/index.php\/wp-json\/wp\/v2\/posts\/56280\/revisions"}],"wp:featuredmedia":[{"embeddable":true,"href":"https:\/\/247stiri.ro\/index.php\/wp-json\/wp\/v2\/media\/56281"}],"wp:attachment":[{"href":"https:\/\/247stiri.ro\/index.php\/wp-json\/wp\/v2\/media?parent=56280"}],"wp:term":[{"taxonomy":"category","embeddable":true,"href":"https:\/\/247stiri.ro\/index.php\/wp-json\/wp\/v2\/categories?post=56280"},{"taxonomy":"post_tag","embeddable":true,"href":"https:\/\/247stiri.ro\/index.php\/wp-json\/wp\/v2\/tags?post=56280"}],"curies":[{"name":"wp","href":"https:\/\/api.w.org\/{rel}","templated":true}]}}