{"id":56295,"date":"2026-01-06T10:45:15","date_gmt":"2026-01-06T10:45:15","guid":{"rendered":"https:\/\/247stiri.ro\/index.php\/2026\/01\/06\/scenariul-colectiv-in-cazul-tragediei-din-elvetia-primarul-statiunii-crans-montana-recunoaste-ca-barul-care-a-ars-de-anul-nou-nu-a-fost-verificat-de-5-ani\/"},"modified":"2026-01-06T10:45:15","modified_gmt":"2026-01-06T10:45:15","slug":"scenariul-colectiv-in-cazul-tragediei-din-elvetia-primarul-statiunii-crans-montana-recunoaste-ca-barul-care-a-ars-de-anul-nou-nu-a-fost-verificat-de-5-ani","status":"publish","type":"post","link":"https:\/\/247stiri.ro\/index.php\/2026\/01\/06\/scenariul-colectiv-in-cazul-tragediei-din-elvetia-primarul-statiunii-crans-montana-recunoaste-ca-barul-care-a-ars-de-anul-nou-nu-a-fost-verificat-de-5-ani\/","title":{"rendered":"Scenariul Colectiv \u00een cazul tragediei din Elve\u021bia. Primarul sta\u021biunii Crans-Montana recunoa\u0219te c\u0103 barul care a ars de Anul Nou nu a fost verificat de 5 ani"},"content":{"rendered":"<p>\u00cen cadrul unei conferin\u021be de pres\u0103, edilul a declarat c\u0103 \u201cnu au existat controale de siguran\u021b\u0103 din 2019\u201d \u0219i c\u0103 administra\u021bia local\u0103 \u201eregret\u0103 profund aceast\u0103 situa\u021bie\u201d \u0219i \u00ee\u0219i \u201casum\u0103 responsabilitatea\u201d.<\/p>\n<p>\u201eNe pare nespus de r\u0103u. Nu aveam niciun indiciu c\u0103 verific\u0103rile nu fuseser\u0103 efectuate. Regret\u0103m acest lucru \u2013 le dator\u0103m asta familiilor \u0219i ne vom asuma responsabilitatea\u201d, a declarat primarul localit\u0103\u021bii Crans-Montana, Nicolas Feraud.<\/p>\n<p>Feraud a explicat c\u0103 panourile fonoabsorbante din spuma folosit\u0103 la izolare erau considerate conforme la momentul instal\u0103rii \u0219i a precizat c\u0103 echipa \u00eens\u0103rcinat\u0103 cu verific\u0103rile de siguran\u021b\u0103 \u00een regiune este format\u0103 din doar cinci persoane care supravegheaz\u0103 peste 10.000 de cl\u0103diri, inclusiv restaurante \u0219i hoteluri.<\/p>\n<p>Consiliul local a ini\u021biat o anchet\u0103 intern\u0103 \u0219i un audit complet al tuturor spa\u021biilor de divertisment din zon\u0103, pentru a preveni incidente similare. \u201cVa fi responsabilitatea judec\u0103torilor s\u0103 stabileasc\u0103 cine este vinovat\u201d, a spus primarul.<\/p>\n<p>Procurorii din cantonul Valais au anun\u021bat c\u0103 focul a fost provocat, cel mai probabil, de lum\u00e2n\u0103ri artificiale care au aprins tavanul din subsolul clubului. Toate tipurile de lum\u00e2n\u0103ri artificiale au fost \u00eentre timp interzise \u00een spa\u021biile publice \u00eenchise.<\/p>\n<p>Autorit\u0103\u021bile elve\u021biene au deschis o anchet\u0103 penal\u0103 \u00eempotriva administratorilor barului, acuza\u021bi de omor prin impruden\u021b\u0103, v\u0103t\u0103mare corporal\u0103 din culp\u0103 \u0219i distrugere din neglijen\u021b\u0103.<\/p>","protected":false},"excerpt":{"rendered":"<p>\u00cen cadrul unei conferin\u021be de pres\u0103, edilul a declarat c\u0103 \u201cnu au existat controale de&hellip;<\/p>\n","protected":false},"author":0,"featured_media":56289,"comment_status":"open","ping_status":"open","sticky":false,"template":"","format":"standard","meta":{"footnotes":""},"categories":[2],"tags":[],"class_list":["post-56295","post","type-post","status-publish","format-standard","has-post-thumbnail","hentry","category-actual"],"_links":{"self":[{"href":"https:\/\/247stiri.ro\/index.php\/wp-json\/wp\/v2\/posts\/56295","targetHints":{"allow":["GET"]}}],"collection":[{"href":"https:\/\/247stiri.ro\/index.php\/wp-json\/wp\/v2\/posts"}],"about":[{"href":"https:\/\/247stiri.ro\/index.php\/wp-json\/wp\/v2\/types\/post"}],"replies":[{"embeddable":true,"href":"https:\/\/247stiri.ro\/index.php\/wp-json\/wp\/v2\/comments?post=56295"}],"version-history":[{"count":0,"href":"https:\/\/247stiri.ro\/index.php\/wp-json\/wp\/v2\/posts\/56295\/revisions"}],"wp:featuredmedia":[{"embeddable":true,"href":"https:\/\/247stiri.ro\/index.php\/wp-json\/wp\/v2\/media\/56289"}],"wp:attachment":[{"href":"https:\/\/247stiri.ro\/index.php\/wp-json\/wp\/v2\/media?parent=56295"}],"wp:term":[{"taxonomy":"category","embeddable":true,"href":"https:\/\/247stiri.ro\/index.php\/wp-json\/wp\/v2\/categories?post=56295"},{"taxonomy":"post_tag","embeddable":true,"href":"https:\/\/247stiri.ro\/index.php\/wp-json\/wp\/v2\/tags?post=56295"}],"curies":[{"name":"wp","href":"https:\/\/api.w.org\/{rel}","templated":true}]}}