{"id":56296,"date":"2026-01-06T10:45:16","date_gmt":"2026-01-06T10:45:16","guid":{"rendered":"https:\/\/247stiri.ro\/index.php\/2026\/01\/06\/revolta-la-turnu-severin-alesii-locali-au-votat-cote-maxime-de-impozitare-desi-municipiul-are-probleme-economice-document\/"},"modified":"2026-01-06T10:45:16","modified_gmt":"2026-01-06T10:45:16","slug":"revolta-la-turnu-severin-alesii-locali-au-votat-cote-maxime-de-impozitare-desi-municipiul-are-probleme-economice-document","status":"publish","type":"post","link":"https:\/\/247stiri.ro\/index.php\/2026\/01\/06\/revolta-la-turnu-severin-alesii-locali-au-votat-cote-maxime-de-impozitare-desi-municipiul-are-probleme-economice-document\/","title":{"rendered":"Revolt\u0103 la Turnu Severin. Ale\u0219ii locali au votat cote maxime de impozitare, de\u0219i municipiul are probleme economice \u2013 DOCUMENT"},"content":{"rendered":"<p>Pe re\u021belele de socializare a fost publicat documentul care dovede\u0219te c\u0103 ale\u0219ii locali ai Severinului s-au g\u00e2ndit s\u0103-i \u00eempov\u0103reze pe locuitori cu nivelul maxim al taxelor \u0219i impozitelor pentru 2026.<\/p>\n<p>\u201eDac\u0103 Codul Fiscal permite limite minime \u0219i maxime de impozitare, de ce, domnule premar, a\u021bi optat pentru valorile cele mai mari?\u201d, s-a \u00eentrebat, revoltat\u0103, o severineanc\u0103, prezent\u00e2nd tabelul care arat\u0103 c\u0103, la absolut toate taxele, a fost bifat\u0103 valoarea maxim\u0103 permis\u0103.<\/p>\n<p>\u0218i deputatul AUR Eduard Koler a criticat public hot\u0103r\u00e2rea, acuz\u00e2nd administra\u021bia local\u0103 c\u0103 \u201ea ales cele mai mari niveluri de impozitare posibile\u201d, de\u0219i legisla\u021bia permitea stabilirea unor valori mai reduse. Parlamentarul a publicat \u0219i imagini cu anexele hot\u0103r\u00e2rii, sus\u021bin\u00e2nd c\u0103 m\u0103sura reprezint\u0103 \u201eo povar\u0103 suplimentar\u0103 pentru proprietarii de terenuri\u201d.<\/p>\n<p>\u201eMarius Vasile Screciu a considerat c\u0103 sunte\u021bi prea boga\u021bi, a ignorat complet aceast\u0103 marj\u0103 de decizie \u0219i a ales, f\u0103r\u0103 excep\u021bie, plafonul superior\u201d, a mai scris Koler, care a precizat c\u0103 acei consilieri AUR care au votat HCL nr. 304\/23.12.2025 \u201eau fost exclu\u0219i din partid, iar situa\u021bia se afl\u0103 \u00een prezent pe rolul instan\u021belor\u201d.<\/p>","protected":false},"excerpt":{"rendered":"<p>Pe re\u021belele de socializare a fost publicat documentul care dovede\u0219te c\u0103 ale\u0219ii locali ai Severinului&hellip;<\/p>\n","protected":false},"author":0,"featured_media":56297,"comment_status":"open","ping_status":"open","sticky":false,"template":"","format":"standard","meta":{"footnotes":""},"categories":[2],"tags":[],"class_list":["post-56296","post","type-post","status-publish","format-standard","has-post-thumbnail","hentry","category-actual"],"_links":{"self":[{"href":"https:\/\/247stiri.ro\/index.php\/wp-json\/wp\/v2\/posts\/56296","targetHints":{"allow":["GET"]}}],"collection":[{"href":"https:\/\/247stiri.ro\/index.php\/wp-json\/wp\/v2\/posts"}],"about":[{"href":"https:\/\/247stiri.ro\/index.php\/wp-json\/wp\/v2\/types\/post"}],"replies":[{"embeddable":true,"href":"https:\/\/247stiri.ro\/index.php\/wp-json\/wp\/v2\/comments?post=56296"}],"version-history":[{"count":0,"href":"https:\/\/247stiri.ro\/index.php\/wp-json\/wp\/v2\/posts\/56296\/revisions"}],"wp:featuredmedia":[{"embeddable":true,"href":"https:\/\/247stiri.ro\/index.php\/wp-json\/wp\/v2\/media\/56297"}],"wp:attachment":[{"href":"https:\/\/247stiri.ro\/index.php\/wp-json\/wp\/v2\/media?parent=56296"}],"wp:term":[{"taxonomy":"category","embeddable":true,"href":"https:\/\/247stiri.ro\/index.php\/wp-json\/wp\/v2\/categories?post=56296"},{"taxonomy":"post_tag","embeddable":true,"href":"https:\/\/247stiri.ro\/index.php\/wp-json\/wp\/v2\/tags?post=56296"}],"curies":[{"name":"wp","href":"https:\/\/api.w.org\/{rel}","templated":true}]}}