{"id":56298,"date":"2026-01-06T10:45:17","date_gmt":"2026-01-06T10:45:17","guid":{"rendered":"https:\/\/247stiri.ro\/index.php\/2026\/01\/06\/catalin-botezatu-risca-sa-puna-lacatul-pe-usa-afacerii-sale-din-cauza-birurilor-lui-bolojan-taxele-ne-vor-ucide\/"},"modified":"2026-01-06T10:45:17","modified_gmt":"2026-01-06T10:45:17","slug":"catalin-botezatu-risca-sa-puna-lacatul-pe-usa-afacerii-sale-din-cauza-birurilor-lui-bolojan-taxele-ne-vor-ucide","status":"publish","type":"post","link":"https:\/\/247stiri.ro\/index.php\/2026\/01\/06\/catalin-botezatu-risca-sa-puna-lacatul-pe-usa-afacerii-sale-din-cauza-birurilor-lui-bolojan-taxele-ne-vor-ucide\/","title":{"rendered":"C\u0103t\u0103lin Botezatu risc\u0103 s\u0103 pun\u0103 lac\u0103tul pe u\u0219a afacerii sale din cauza birurilor lui Bolojan.\u201eTaxele ne vor ucide!\u201d"},"content":{"rendered":"<p>Creatorul de mod\u0103 recunoa\u0219te c\u0103 atmosfera din zona economic\u0103 nu \u00eei inspir\u0103 deloc optimism. \u00cen opinia lui, 2026 se anun\u021b\u0103 a fi un an complicat nu doar pentru industria \u00een care activeaz\u0103, ci pentru toate domeniile care depind de stabilitatea financiar\u0103.<\/p>\n<p>Botezatu administreaz\u0103 dou\u0103 ateliere de crea\u021bie \u0219i trei fabrici \u00een Rom\u00e2nia, iar experien\u021ba sa din antreprenoriat \u00eel face s\u0103 priveasc\u0103 realist situa\u021bia. El spune c\u0103 presiunea fiscal\u0103 \u0219i contextul economic pot afecta serios afacerile locale.<\/p>\n<p>\u201eVa fi un an cu o criz\u0103 groaznic\u0103!\u201d<\/p>\n<p>Designerul nu \u0219i-a ascuns deloc temerile \u0219i a vorbit deschis despre ceea ce urmeaz\u0103: \u201eAnul 2026 va fi un an cu o criz\u0103 groaznic\u0103, dar sper s\u0103 fie totu\u0219i ginga\u0219 cu noi \u0219i s\u0103 nu ne rup\u0103 \u00een dou\u0103. O s-o resim\u021bim cu to\u021bii, \u00een toate domeniile, dac\u0103 nu s-a resim\u021bit deja! Sunt taxe, peste taxe\u2026Numai om de afaceri s\u0103 nu fii \u0219i s\u0103 nu-\u021bi dai seama c\u0103 taxele te vor ucide p\u00e2n\u0103 la urm\u0103. Cine nu recunoa\u0219te asta \u0219i cine nu este realist, \u00eenseamn\u0103 c\u0103 nu g\u00e2nde\u0219te sau nu e la curent cu situa\u021bia politic\u0103\u201d, a spus designerul pentru Click!<\/p>\n<p><a title='Un cunoscut expert contabil desfiinteaza ,,reformele\" lui Bolojan: Taxa pentru Temu si Shein pare facuta cu AI, varianta gratuita. Nu o va plati nimeni' href=\"https:\/\/www.realitatea.net\/stiri\/actual\/un-cunoscut-expert-contabil-desfiinteaza-reformele-lui-bolojan-taxa-pentru-temu-si-shein-pare-facuta-cu-ai-varianta-gratuita-nu-o-va-plati-nimeni_695ccd09e4ac8703586d49d6\">Un cunoscut expert contabil desfiin\u021beaz\u0103 \u201ereformele\u201d lui Bolojan: Taxa pentru Temu \u0219i Shein pare f\u0103cut\u0103 cu AI, varianta gratuit\u0103.\u00a0<\/a><\/p>\n<p>Despre bani \u0219i avere<\/p>\n<p>\u00centrebat despre situa\u021bia sa financiar\u0103, Botezatu a m\u0103rturisit c\u0103 nu poate spune exact ce avere are \u00een prezent. Pentru el, banii nu au reprezentat niciodat\u0103 motorul principal al carierei.<\/p>\n<p>Designerul a explicat: \u201eBanii nu sunt importan\u0163i \u00een ceea ce fac. I-am avut, provin dintr-o familie cu bani, care mi-a oferit un statut financiar ridicat, \u00eenc\u0103 de la \u00eenceput \u015fi nu am f\u0103cut fashion pentru bani. Dac\u0103 a\u015f fi f\u0103cut acest lucru pentru bani, poate nu a\u015f fi realizat at\u00e2t de multe lucruri, dar nu \u015ftiu ce \u00eenseamn\u0103 avere, \u00een cazul acesta.\u201d<\/p>\n<p>Hot\u0103r\u00e2t s\u0103 r\u0103m\u00e2n\u0103 \u00een Rom\u00e2nia<\/p>\n<p>Chiar dac\u0103 prevede un an dificil \u0219i un climat economic tensionat, Botezatu spune c\u0103 nu ia \u00een calcul s\u0103 plece din \u021bar\u0103. Designerul r\u0103m\u00e2ne ata\u0219at de Rom\u00e2nia \u0219i este decis s\u0103 \u00ee\u0219i continue activitatea aici, indiferent de provoc\u0103rile care vor ap\u0103rea.<\/p>\n<p><a title='Suma incredibila  pe care trebuie sa o plateasca actrita Manuela Harabor la impozite. ,,Domnule Bolojan, sa nu va bazati pe contributia noastra\"' href=\"https:\/\/www.realitatea.net\/stiri\/actual\/suma-incredibila-pe-care-trebuie-sa-o-plateasca-actrita-manuela-harabor-la-impozite-domnule-bolojan-sa-nu-va-bazati-pe-contributia-noastra_695cd742a4caf5069132bcc8\">Suma incredibil\u0103 pe care trebuie s\u0103 o pl\u0103teasc\u0103 actri\u021ba Manuela H\u0103r\u0103bor la impozite. \u201eDomnule Bolojan, s\u0103 nu v\u0103 baza\u021bi pe contribu\u021bia noastr\u0103\u201d<\/a><\/p>","protected":false},"excerpt":{"rendered":"<p>Creatorul de mod\u0103 recunoa\u0219te c\u0103 atmosfera din zona economic\u0103 nu \u00eei inspir\u0103 deloc optimism. \u00cen&hellip;<\/p>\n","protected":false},"author":0,"featured_media":56299,"comment_status":"open","ping_status":"open","sticky":false,"template":"","format":"standard","meta":{"footnotes":""},"categories":[2],"tags":[],"class_list":["post-56298","post","type-post","status-publish","format-standard","has-post-thumbnail","hentry","category-actual"],"_links":{"self":[{"href":"https:\/\/247stiri.ro\/index.php\/wp-json\/wp\/v2\/posts\/56298","targetHints":{"allow":["GET"]}}],"collection":[{"href":"https:\/\/247stiri.ro\/index.php\/wp-json\/wp\/v2\/posts"}],"about":[{"href":"https:\/\/247stiri.ro\/index.php\/wp-json\/wp\/v2\/types\/post"}],"replies":[{"embeddable":true,"href":"https:\/\/247stiri.ro\/index.php\/wp-json\/wp\/v2\/comments?post=56298"}],"version-history":[{"count":0,"href":"https:\/\/247stiri.ro\/index.php\/wp-json\/wp\/v2\/posts\/56298\/revisions"}],"wp:featuredmedia":[{"embeddable":true,"href":"https:\/\/247stiri.ro\/index.php\/wp-json\/wp\/v2\/media\/56299"}],"wp:attachment":[{"href":"https:\/\/247stiri.ro\/index.php\/wp-json\/wp\/v2\/media?parent=56298"}],"wp:term":[{"taxonomy":"category","embeddable":true,"href":"https:\/\/247stiri.ro\/index.php\/wp-json\/wp\/v2\/categories?post=56298"},{"taxonomy":"post_tag","embeddable":true,"href":"https:\/\/247stiri.ro\/index.php\/wp-json\/wp\/v2\/tags?post=56298"}],"curies":[{"name":"wp","href":"https:\/\/api.w.org\/{rel}","templated":true}]}}