{"id":56309,"date":"2026-01-06T11:45:59","date_gmt":"2026-01-06T11:45:59","guid":{"rendered":"https:\/\/247stiri.ro\/index.php\/2026\/01\/06\/primarul-care-il-contrazice-pe-ilie-bolojan-de-ce-cresterea-birurilor-nu-va-duce-la-imbunatatirea-seriviciilor-locale\/"},"modified":"2026-01-06T11:45:59","modified_gmt":"2026-01-06T11:45:59","slug":"primarul-care-il-contrazice-pe-ilie-bolojan-de-ce-cresterea-birurilor-nu-va-duce-la-imbunatatirea-seriviciilor-locale","status":"publish","type":"post","link":"https:\/\/247stiri.ro\/index.php\/2026\/01\/06\/primarul-care-il-contrazice-pe-ilie-bolojan-de-ce-cresterea-birurilor-nu-va-duce-la-imbunatatirea-seriviciilor-locale\/","title":{"rendered":"Primarul care \u00eel contrazice pe Ilie Bolojan. De ce cre\u0219terea birurilor nu va duce la \u00eembun\u0103t\u0103\u021birea seriviciilor locale"},"content":{"rendered":"<p>\u00a0<\/p>\n<p>Daniel Cristian Stan: Impozitele locale au crescut pe de o parte din cauza cre\u0219terii valorii pe metru p\u0103trat \u00een Codul Fiscal de la 1491 la 2677.<\/p>\n<p>Dar ca \u0219i cum acest lucru nu a fost suficient, au fost eliminate \u0219i toate facilit\u0103\u021bile care puteau fi acordate. Erau ni\u0219te indici de reducere a impozitelor pentru cl\u0103dirile mai vechi, care ajungeau \u0219i p\u00e2n\u0103 la 50% ca \u0219i reducere, erau reducerile pentru blocurile cu mai multe etaje, erau scutirile pe care le putea acorda administra\u021bia local\u0103 pentru persoanele cu venituri pe membru de familie sub salariul minim pe economie, erau de asemenea scutirile care erau acordate persoanelor \u00eencadrate \u00een grad de invaliditate sau \u00een grad de handicap grav sau accentuat, ei bine, toate aceste m\u0103suri au fost eliminate, coroborat cu cre\u0219terea valorii impozitului, de aceea sunt \u0219i cre\u0219teri \u0219i de 150% dac\u0103 corobor\u0103m cre\u0219terea impozitului cu eliminarea acelor coeficien\u021bi de reducere. De asemenea, cre\u0219te impozitul la ma\u0219ini sub 1600, la cele cu capacitatea cilindric\u0103 mai mare scade \u0219i cu o treime, deci cam a\u0219a arat\u0103 \u00een momentul de fa\u021b\u0103 contextul legal pe ceea ce \u00eenseamn\u0103 taxele \u0219i impozitele \u0219i, pe bun\u0103 dreptate, genereaz\u0103 aceast\u0103 revolt\u0103.<\/p>\n<p><a title=\"Bolojan a lasat neatinse salariile uriase ale bugetarilor de top, in timp ce taxele romanilor s-au triplat. Lista posturilor platite regeste\" href=\"https:\/\/www.realitatea.net\/stiri\/actual\/bolojan-a-lasat-neatinse-salariile-uriase-ale-bugetarilor-de-top-in-timp-ce-taxele-romanilor-sau-triplat-lista-posturilor-platite-regeste_695ba376b03ccc68e8014ac2\">Bolojan a l\u0103sat neatinse salariile uria\u0219e ale bugetarilor de top, \u00een timp ce taxele rom\u00e2nilor s-au triplat. Lista posturilor pl\u0103tite rege\u0219te<\/a><\/p>\n<p>Realitatea Plus: Explica\u021biile venite la nivel central prin vocea premierului Bolojan sunt c\u0103 aceste major\u0103ri de taxe se vor resim\u021bi \u00een nivelul de trai la nivel local. Dar ca din banii care v\u0103 r\u0103m\u00e2n c\u00e2t va ajuta s\u0103 \u00eembun\u0103t\u0103\u021bi\u021bi aceste condi\u021bii de trai pentru rom\u00e2ni \u0219i c\u00e2\u021bi se vor duce \u00een buzunarul guvern\u0103rii?<\/p>\n<p>Daniel Cristian Stan: \u00cen acest moment nu se \u0219tie lucrul acesta pentru c\u0103 nu am v\u0103zut proiectul de buget \u0219i nu am v\u0103zut ce \u00eenseamn\u0103 acele cote care revin administra\u021biilor locale. Posibil ca ace\u0219ti bani s\u0103 fie opri\u021bi indirect prin diminuarea acelor cote din impozitul de venit, care \u00eenseamn\u0103 practic banii colecta\u021bi de la nivel local \u0219i care se \u00eentorc \u00eentr-un anumit procent c\u0103tre administra\u021biile locale. Dar s\u0103 \u0219ti\u021bi c\u0103 la un municipiu cum este T\u00e2rgovi\u0219te aceast\u0103 cre\u0219tere nu are mare importan\u021b\u0103. Noi avem un buget de venituri, incluz\u00e2nd \u0219i investi\u021biile cu finan\u021bare european\u0103, undeva la 450 de milioane, cre\u0219terea aceasta este de 7 milioane, nu \u00eenseamn\u0103 mai nimic, greu de spus c\u0103 s-ar putea s\u0103 creasc\u0103 \u00eentr-un fel nivelul presta\u021biei datorit\u0103 acestor cre\u0219teri de impozit.<\/p>\n<p><a title='Tupeul lui Ilie Bolojan: Romanii au biruri triple, premierul spune ca ,,nu s-a intamplat asta\"' href=\"https:\/\/www.realitatea.net\/stiri\/actual\/tupeul-lui-ilie-bolojan-romanii-au-biruri-triple-premierul-spune-ca-nu-sa-intamplat-asta_695b852444720014403efa08\">Tupeul lui Ilie Bolojan: Rom\u00e2nii au biruri triple, premierul spune c\u0103 \u201enu s-a \u00eent\u00e2mplat asta\u201d<\/a><\/p>\n<p>\u00a0<\/p>","protected":false},"excerpt":{"rendered":"<p>\u00a0 Daniel Cristian Stan: Impozitele locale au crescut pe de o parte din cauza cre\u0219terii&hellip;<\/p>\n","protected":false},"author":0,"featured_media":56310,"comment_status":"open","ping_status":"open","sticky":false,"template":"","format":"standard","meta":{"footnotes":""},"categories":[2],"tags":[],"class_list":["post-56309","post","type-post","status-publish","format-standard","has-post-thumbnail","hentry","category-actual"],"_links":{"self":[{"href":"https:\/\/247stiri.ro\/index.php\/wp-json\/wp\/v2\/posts\/56309","targetHints":{"allow":["GET"]}}],"collection":[{"href":"https:\/\/247stiri.ro\/index.php\/wp-json\/wp\/v2\/posts"}],"about":[{"href":"https:\/\/247stiri.ro\/index.php\/wp-json\/wp\/v2\/types\/post"}],"replies":[{"embeddable":true,"href":"https:\/\/247stiri.ro\/index.php\/wp-json\/wp\/v2\/comments?post=56309"}],"version-history":[{"count":0,"href":"https:\/\/247stiri.ro\/index.php\/wp-json\/wp\/v2\/posts\/56309\/revisions"}],"wp:featuredmedia":[{"embeddable":true,"href":"https:\/\/247stiri.ro\/index.php\/wp-json\/wp\/v2\/media\/56310"}],"wp:attachment":[{"href":"https:\/\/247stiri.ro\/index.php\/wp-json\/wp\/v2\/media?parent=56309"}],"wp:term":[{"taxonomy":"category","embeddable":true,"href":"https:\/\/247stiri.ro\/index.php\/wp-json\/wp\/v2\/categories?post=56309"},{"taxonomy":"post_tag","embeddable":true,"href":"https:\/\/247stiri.ro\/index.php\/wp-json\/wp\/v2\/tags?post=56309"}],"curies":[{"name":"wp","href":"https:\/\/api.w.org\/{rel}","templated":true}]}}