{"id":56334,"date":"2026-01-06T12:45:51","date_gmt":"2026-01-06T12:45:51","guid":{"rendered":"https:\/\/247stiri.ro\/index.php\/2026\/01\/06\/opozitia-suveranista-cere-suspendarea-lui-nicusor-dan-documentul-exploziv-prezentat-in-exclusivitate-la-televiziunea-poporului\/"},"modified":"2026-01-06T12:45:51","modified_gmt":"2026-01-06T12:45:51","slug":"opozitia-suveranista-cere-suspendarea-lui-nicusor-dan-documentul-exploziv-prezentat-in-exclusivitate-la-televiziunea-poporului","status":"publish","type":"post","link":"https:\/\/247stiri.ro\/index.php\/2026\/01\/06\/opozitia-suveranista-cere-suspendarea-lui-nicusor-dan-documentul-exploziv-prezentat-in-exclusivitate-la-televiziunea-poporului\/","title":{"rendered":"Opozi\u021bia suveranist\u0103 cere suspendarea lui Nicu\u0219or Dan. Documentul exploziv, prezentat \u00een exclusivitate la Televiziunea Poporului"},"content":{"rendered":"<p>Opozi\u021bia suveranist\u0103 a declan\u0219at oficial procedura de suspendare a pre\u0219edintelui Rom\u00e2niei, Nicu\u0219or Dan. Senatorul Ninel Peia, \u00een numele grupului PACE \u2013 \u00cent\u00e2i Rom\u00e2nia, a transmis Birourilor Permanente ale Parlamentului o cerere formal\u0103 de suspendare, semnat\u0103 de peste o treime din num\u0103rul total al deputa\u021bilor \u0219i senatorilor.<\/p>\n<p>Documentul invoc\u0103 articolul 95 din Constitu\u021bie \u0219i acuz\u0103 \u0219eful statului de ingerin\u021be directe \u00een justi\u021bie, \u00eenc\u0103lcarea separa\u021biei puterilor \u0219i dep\u0103\u0219irea atribu\u021biilor constitu\u021bionale. Printre faptele reclamate se num\u0103r\u0103:<\/p>\n<p>Atacuri publice la adresa Consiliului Superior al Magistraturii (CSM);<\/p>\n<p>Anun\u021bul privind organizarea unui referendum \u00een r\u00e2ndul magistra\u021bilor, considerat neconstitu\u021bional;<\/p>\n<p>Presiuni asupra sistemului judiciar \u0219i afectarea percep\u021biei publice asupra impar\u021bialit\u0103\u021bii justi\u021biei.<\/p>\n<p>\u201ePre\u0219edintele ac\u021bioneaz\u0103 \u00een afara cadrului constitu\u021bional \u0219i destabilizeaz\u0103 echilibrul democratic\u201d, se arat\u0103 \u00een cererea semnat\u0103 de Ninel Peia, chestor al Senatului.<\/p>\n<p><a href=\"https:\/\/media.realitatea.net\/multimedia\/other\/202601\/Solicitare%20suspendare%20Presedinte%20Nicusor%20Dan_4332db8528.docx\" target=\"_blank\">Document<\/a><\/p>\n<p>Conform procedurii, propunerea de suspendare urmeaz\u0103 s\u0103 fie adus\u0103 la cuno\u0219tin\u021ba pre\u0219edintelui, iar Parlamentul poate decide organizarea unui referendum na\u021bional.<\/p>","protected":false},"excerpt":{"rendered":"<p>Opozi\u021bia suveranist\u0103 a declan\u0219at oficial procedura de suspendare a pre\u0219edintelui Rom\u00e2niei, Nicu\u0219or Dan. Senatorul Ninel&hellip;<\/p>\n","protected":false},"author":0,"featured_media":56332,"comment_status":"open","ping_status":"open","sticky":false,"template":"","format":"standard","meta":{"footnotes":""},"categories":[2],"tags":[],"class_list":["post-56334","post","type-post","status-publish","format-standard","has-post-thumbnail","hentry","category-actual"],"_links":{"self":[{"href":"https:\/\/247stiri.ro\/index.php\/wp-json\/wp\/v2\/posts\/56334","targetHints":{"allow":["GET"]}}],"collection":[{"href":"https:\/\/247stiri.ro\/index.php\/wp-json\/wp\/v2\/posts"}],"about":[{"href":"https:\/\/247stiri.ro\/index.php\/wp-json\/wp\/v2\/types\/post"}],"replies":[{"embeddable":true,"href":"https:\/\/247stiri.ro\/index.php\/wp-json\/wp\/v2\/comments?post=56334"}],"version-history":[{"count":0,"href":"https:\/\/247stiri.ro\/index.php\/wp-json\/wp\/v2\/posts\/56334\/revisions"}],"wp:featuredmedia":[{"embeddable":true,"href":"https:\/\/247stiri.ro\/index.php\/wp-json\/wp\/v2\/media\/56332"}],"wp:attachment":[{"href":"https:\/\/247stiri.ro\/index.php\/wp-json\/wp\/v2\/media?parent=56334"}],"wp:term":[{"taxonomy":"category","embeddable":true,"href":"https:\/\/247stiri.ro\/index.php\/wp-json\/wp\/v2\/categories?post=56334"},{"taxonomy":"post_tag","embeddable":true,"href":"https:\/\/247stiri.ro\/index.php\/wp-json\/wp\/v2\/tags?post=56334"}],"curies":[{"name":"wp","href":"https:\/\/api.w.org\/{rel}","templated":true}]}}