{"id":56340,"date":"2026-01-06T12:45:54","date_gmt":"2026-01-06T12:45:54","guid":{"rendered":"https:\/\/247stiri.ro\/index.php\/2026\/01\/06\/romanii-ar-putea-beneficia-in-premiera-de-concediu-platit-pentru-care-nu-trebuie-sa-depuna-certificat-medical-document\/"},"modified":"2026-01-06T12:45:54","modified_gmt":"2026-01-06T12:45:54","slug":"romanii-ar-putea-beneficia-in-premiera-de-concediu-platit-pentru-care-nu-trebuie-sa-depuna-certificat-medical-document","status":"publish","type":"post","link":"https:\/\/247stiri.ro\/index.php\/2026\/01\/06\/romanii-ar-putea-beneficia-in-premiera-de-concediu-platit-pentru-care-nu-trebuie-sa-depuna-certificat-medical-document\/","title":{"rendered":"Rom\u00e2nii ar putea beneficia \u00een premier\u0103 de concediu pl\u0103tit pentru care nu trebuie s\u0103 depun\u0103 certificat medical &#8211; DOCUMENT"},"content":{"rendered":"<p>Proiectul face distinc\u021bie clar\u0103 \u00eentre burnout \u0219i afec\u021biunile medicale, definind fenomenul ca pe o consecin\u021b\u0103 direct\u0103 a stresului profesional cronic, conform caracteriz\u0103rii Organiza\u021biei Mondiale a S\u0103n\u0103t\u0103\u021bii.<\/p>\n<p>\u201eEpuizarea profesional\u0103 se refer\u0103 exclusiv la fenomene ap\u0103rute \u00een context ocupa\u021bional (\u2026) f\u0103r\u0103 a constitui o afec\u021biune medical\u0103.\u201d<\/p>\n<p>\u201e\u00cen lipsa unui cadru legal care s\u0103 reglementeze explicit fenomenul, m\u0103surile de prevenire depind exclusiv de ini\u021biative voluntare ale angajatorilor\u201d, se arat\u0103 \u00een document.<\/p>\n\n<p>Una dintre cele mai importante nout\u0103\u021bi este posibilitatea acord\u0103rii unui concediu pl\u0103tit pentru epuizare profesional\u0103, f\u0103r\u0103 justificare medical\u0103. Acesta ar putea fi introdus prin regulament intern sau contract colectiv de munc\u0103, scopul fiind preven\u021bia \u0219i reducerea riscului de concedii medicale pe termen lung.<\/p>\n<p>Proiectul prevede \u0219i obliga\u021bii sporite pentru companii. Angajatorii ar trebui s\u0103 includ\u0103 riscurile de burnout \u00een evaluarea intern\u0103 de s\u0103n\u0103tate \u0219i securitate \u00een munc\u0103, iar firmele cu peste 50 de salaria\u021bi ar fi nevoite s\u0103 efectueze evalu\u0103ri psihosociale anuale, s\u0103 elaboreze planuri de prevenire \u0219i s\u0103 creeze mecanisme confiden\u021biale prin care angaja\u021bii pot semnala suprasolicitarea f\u0103r\u0103 teama de sanc\u021biuni.<\/p>\n<p>\u201eAngajatorii pot institui un num\u0103r anual de zile lucr\u0103toare de concediu pl\u0103tit pentru refacere profesional\u0103, ce pot fi acordate la cerere, f\u0103r\u0103 justific\u0103ri medicale\u201d, mai prevede documentul.<\/p>\n<p>De asemenea, salaria\u021bii ar avea dreptul s\u0103 cear\u0103 discu\u021bii formale privind volumul de munc\u0103 sau reorganizarea sarcinilor, precum \u0219i acces la servicii de sprijin psiho-emo\u021bional, inclusiv consiliere psihologic\u0103, costurile put\u00e2nd fi suportate de angajator.<\/p>\n<p>Ini\u021biativa legislativ\u0103 apar\u021bine senatorului USR Irineu Dar\u0103u, actual ministru al Economiei, \u0219i este sus\u021binut\u0103 \u00een Senat de Cynthia P\u0103un, vicepre\u0219edinta Comisiei pentru munc\u0103.<\/p>\n<p>Dac\u0103 proiectul va fi adoptat, Ministerul Muncii va avea la dispozi\u021bie 180 de zile pentru a elabora un ghid na\u021bional privind prevenirea burnout-ului, iar companiile vor avea 12 luni pentru a se conforma noilor cerin\u021be.<\/p>","protected":false},"excerpt":{"rendered":"<p>Proiectul face distinc\u021bie clar\u0103 \u00eentre burnout \u0219i afec\u021biunile medicale, definind fenomenul ca pe o consecin\u021b\u0103&hellip;<\/p>\n","protected":false},"author":0,"featured_media":56341,"comment_status":"open","ping_status":"open","sticky":false,"template":"","format":"standard","meta":{"footnotes":""},"categories":[2],"tags":[],"class_list":["post-56340","post","type-post","status-publish","format-standard","has-post-thumbnail","hentry","category-actual"],"_links":{"self":[{"href":"https:\/\/247stiri.ro\/index.php\/wp-json\/wp\/v2\/posts\/56340","targetHints":{"allow":["GET"]}}],"collection":[{"href":"https:\/\/247stiri.ro\/index.php\/wp-json\/wp\/v2\/posts"}],"about":[{"href":"https:\/\/247stiri.ro\/index.php\/wp-json\/wp\/v2\/types\/post"}],"replies":[{"embeddable":true,"href":"https:\/\/247stiri.ro\/index.php\/wp-json\/wp\/v2\/comments?post=56340"}],"version-history":[{"count":0,"href":"https:\/\/247stiri.ro\/index.php\/wp-json\/wp\/v2\/posts\/56340\/revisions"}],"wp:featuredmedia":[{"embeddable":true,"href":"https:\/\/247stiri.ro\/index.php\/wp-json\/wp\/v2\/media\/56341"}],"wp:attachment":[{"href":"https:\/\/247stiri.ro\/index.php\/wp-json\/wp\/v2\/media?parent=56340"}],"wp:term":[{"taxonomy":"category","embeddable":true,"href":"https:\/\/247stiri.ro\/index.php\/wp-json\/wp\/v2\/categories?post=56340"},{"taxonomy":"post_tag","embeddable":true,"href":"https:\/\/247stiri.ro\/index.php\/wp-json\/wp\/v2\/tags?post=56340"}],"curies":[{"name":"wp","href":"https:\/\/api.w.org\/{rel}","templated":true}]}}