{"id":56352,"date":"2026-01-06T13:45:22","date_gmt":"2026-01-06T13:45:22","guid":{"rendered":"https:\/\/247stiri.ro\/index.php\/2026\/01\/06\/nicusor-dan-il-copiaza-pe-trump-si-da-interviuri-din-avion-ce-le-a-spus-reporterilor-in-fuga-sa-spre-macron-video\/"},"modified":"2026-01-06T13:45:22","modified_gmt":"2026-01-06T13:45:22","slug":"nicusor-dan-il-copiaza-pe-trump-si-da-interviuri-din-avion-ce-le-a-spus-reporterilor-in-fuga-sa-spre-macron-video","status":"publish","type":"post","link":"https:\/\/247stiri.ro\/index.php\/2026\/01\/06\/nicusor-dan-il-copiaza-pe-trump-si-da-interviuri-din-avion-ce-le-a-spus-reporterilor-in-fuga-sa-spre-macron-video\/","title":{"rendered":"Nicu\u0219or Dan \u00eel copiaz\u0103 pe Trump \u0219i d\u0103 interviuri din avion. Ce le-a spus reporterilor, \u00een fuga sa spre Macron &#8211; VIDEO"},"content":{"rendered":"<p>Reporter: Ce dorin\u021b\u0103 v-a\u021bi pus de Revelion?<\/p>\n<p>Nicu\u0219or Dan: Mi-am dorit o schimbare gradual\u0103 \u00een Rom\u00e2nia<\/p>\n<p>Reporter: Mos Cr\u0103ciun ce v-a adus?<\/p>\n<p>Nicu\u0219or Dan: M\u0103nu\u0219i \u0219i sosete<\/p>\n<p>Reporter: Ce \u00eenseamn\u0103 schimbare gradual\u0103?<\/p>\n<p>Nicu\u0219or Dan: \u00a0Suntem \u00eentr un context interna\u021bional dificil pentru revolu\u021bii \u0219i destabilizare \u00een Rom\u00e2nia<\/p>\n<p>Reporter: V-a\u021bi obi\u0219nuit cu deplas\u0103rile cu avion militar?<\/p>\n<p>Nicu\u0219or Dan: \u00a0Asta este explica\u021bia pentru reducerea de 33 de milioane de care vorbeam<\/p>\n<p>Reporter: \u00a0Ve\u021bi demara achizi\u021bia unui avion prezidential ?<\/p>\n<p>Nicu\u0219or Dan: \u00a0La momentul potrivit, da, nu este momentul acum dar de exemplu nu avem comunicatii aici, eu 4 ore si jumatate am fost deconectat de realitatea din Romania \u0219i nu este normal<\/p>\n<p>Reporter: \u00a0Miza\u021bi pe stabilitatea coali\u021biei \u0219i anul acesta?<\/p>\n<p>Nicu\u0219or Dan: \u00a0Da, categoric da<\/p>\n<p><a title=\"Nicusor Dan pleaca in Franta, in plin blocaj provocat de masurile lui Bolojan\" href=\"https:\/\/www.realitatea.net\/stiri\/actual\/nicusor-dan-pleaca-in-franta-in-plin-blocaj-provocat-de-masurile-lui-bolojan_695c9ccf15478f70ca23e8d5\">Nicu\u0219or Dan pleac\u0103 \u00een Fran\u021ba, \u00een plin blocaj provocat de m\u0103surile lui Bolojan<\/a><\/p>","protected":false},"excerpt":{"rendered":"<p>Reporter: Ce dorin\u021b\u0103 v-a\u021bi pus de Revelion? Nicu\u0219or Dan: Mi-am dorit o schimbare gradual\u0103 \u00een&hellip;<\/p>\n","protected":false},"author":0,"featured_media":56347,"comment_status":"open","ping_status":"open","sticky":false,"template":"","format":"standard","meta":{"footnotes":""},"categories":[2],"tags":[],"class_list":["post-56352","post","type-post","status-publish","format-standard","has-post-thumbnail","hentry","category-actual"],"_links":{"self":[{"href":"https:\/\/247stiri.ro\/index.php\/wp-json\/wp\/v2\/posts\/56352","targetHints":{"allow":["GET"]}}],"collection":[{"href":"https:\/\/247stiri.ro\/index.php\/wp-json\/wp\/v2\/posts"}],"about":[{"href":"https:\/\/247stiri.ro\/index.php\/wp-json\/wp\/v2\/types\/post"}],"replies":[{"embeddable":true,"href":"https:\/\/247stiri.ro\/index.php\/wp-json\/wp\/v2\/comments?post=56352"}],"version-history":[{"count":0,"href":"https:\/\/247stiri.ro\/index.php\/wp-json\/wp\/v2\/posts\/56352\/revisions"}],"wp:featuredmedia":[{"embeddable":true,"href":"https:\/\/247stiri.ro\/index.php\/wp-json\/wp\/v2\/media\/56347"}],"wp:attachment":[{"href":"https:\/\/247stiri.ro\/index.php\/wp-json\/wp\/v2\/media?parent=56352"}],"wp:term":[{"taxonomy":"category","embeddable":true,"href":"https:\/\/247stiri.ro\/index.php\/wp-json\/wp\/v2\/categories?post=56352"},{"taxonomy":"post_tag","embeddable":true,"href":"https:\/\/247stiri.ro\/index.php\/wp-json\/wp\/v2\/tags?post=56352"}],"curies":[{"name":"wp","href":"https:\/\/api.w.org\/{rel}","templated":true}]}}