{"id":56353,"date":"2026-01-06T13:45:23","date_gmt":"2026-01-06T13:45:23","guid":{"rendered":"https:\/\/247stiri.ro\/index.php\/2026\/01\/06\/ministrul-energiei-anunt-despre-situatia-romanilor-fara-energie-mai-sunt-12-543-de-consumatori-deconectati-continuam-interventiile-pana-la-ultima-reconectare\/"},"modified":"2026-01-06T13:45:23","modified_gmt":"2026-01-06T13:45:23","slug":"ministrul-energiei-anunt-despre-situatia-romanilor-fara-energie-mai-sunt-12-543-de-consumatori-deconectati-continuam-interventiile-pana-la-ultima-reconectare","status":"publish","type":"post","link":"https:\/\/247stiri.ro\/index.php\/2026\/01\/06\/ministrul-energiei-anunt-despre-situatia-romanilor-fara-energie-mai-sunt-12-543-de-consumatori-deconectati-continuam-interventiile-pana-la-ultima-reconectare\/","title":{"rendered":"Ministrul Energiei, anun\u021b despre situa\u021bia rom\u00e2nilor f\u0103r\u0103 energie: \u201eMai sunt 12.543 de consumatori deconecta\u021bi. Continu\u0103m interven\u021biile p\u00e2n\u0103 la ultima reconectare\u201d"},"content":{"rendered":"<p>\u00cen plin\u0103 iarn\u0103, pe viscol \u0219i ger, oamenii din energie sunt \u00een teren. Intervin f\u0103r\u0103 pauz\u0103 pentru ca lumina \u0219i c\u0103ldura s\u0103 ajung\u0103 din nou \u00een casele rom\u00e2nilor.\u201d, a declarat Bogdan Ivan, \u00eentr-o postare pe re\u021belele sociale, unde a distribuit \u0219i un video care arat\u0103 munca din spatele cifrelor.<\/p>\n<p>Potrivit ministrului, la data de 6 ianuarie, ora 12:00, mai erau 12.543 de consumatori temporar deconecta\u021bi la nivel na\u021bional. De la aproape 95.000 de gospod\u0103rii f\u0103r\u0103 curent \u00een urm\u0103 cu c\u00e2teva zile, mii de locuin\u021be au fost deja reconectate prin efortul continuu al echipelor din teren.<\/p>\n<p>\u201eContinu\u0103m interven\u021biile p\u00e2n\u0103 la ultima reconectare. Mul\u021bumesc celor peste 500 de electricieni din echipele de interven\u021bie, care lucreaz\u0103 \u00een condi\u021bii grele pentru ca Rom\u00e2nia s\u0103 fie \u00een siguran\u021b\u0103!\u201d, a mai transmis ministrul Bogdan Ivan.<\/p>\n\n<p>Ministerul Energiei a anun\u021bat luni, \u00een urma \u0219edin\u021bei Comandamentului Energetic Na\u021bional, situa\u021bia actualizat\u0103 privind consumatorii r\u0103ma\u0219i f\u0103r\u0103 energie electric\u0103 \u0219i ac\u021biunile de interven\u021bie derulate la nivelul \u00eentregii \u021b\u0103ri.<\/p>\n<p>Potrivit datelor prezentate, peste 500 de electricieni, organiza\u021bi \u00een 173 de echipe de interven\u021bie ale operatorilor de distribu\u021bie, ac\u021bionau luni pe teren pentru reconectarea gospod\u0103riilor afectate la re\u021beaua de energie electric\u0103.<\/p>\n<p>\u00cen ultimele 24 de ore, num\u0103rul consumatorilor nealimenta\u021bi la nivel na\u021bional era de 28.209, din peste 100 de localit\u0103\u021bi, cele mai afectate jude\u021be fiind Alba \u0219i Hunedoara.<\/p>\n<p>Ministerul precizeaz\u0103 c\u0103 principalele avarii au fost provocate de stratul consistent de z\u0103pad\u0103 depus pe arbori \u0219i de ruperea crengilor, care au afectat conductoarele \u0219i izolatoarele, cauz\u00e2nd \u00eentreruperi temporare \u00een alimentarea cu energie. Cu toate acestea, Sistemul Energetic Na\u021bional func\u021bioneaz\u0103 per ansamblu \u00een parametri normali, conform datelor oficiale.<\/p>","protected":false},"excerpt":{"rendered":"<p>\u00cen plin\u0103 iarn\u0103, pe viscol \u0219i ger, oamenii din energie sunt \u00een teren. Intervin f\u0103r\u0103&hellip;<\/p>\n","protected":false},"author":0,"featured_media":56349,"comment_status":"open","ping_status":"open","sticky":false,"template":"","format":"standard","meta":{"footnotes":""},"categories":[2],"tags":[],"class_list":["post-56353","post","type-post","status-publish","format-standard","has-post-thumbnail","hentry","category-actual"],"_links":{"self":[{"href":"https:\/\/247stiri.ro\/index.php\/wp-json\/wp\/v2\/posts\/56353","targetHints":{"allow":["GET"]}}],"collection":[{"href":"https:\/\/247stiri.ro\/index.php\/wp-json\/wp\/v2\/posts"}],"about":[{"href":"https:\/\/247stiri.ro\/index.php\/wp-json\/wp\/v2\/types\/post"}],"replies":[{"embeddable":true,"href":"https:\/\/247stiri.ro\/index.php\/wp-json\/wp\/v2\/comments?post=56353"}],"version-history":[{"count":0,"href":"https:\/\/247stiri.ro\/index.php\/wp-json\/wp\/v2\/posts\/56353\/revisions"}],"wp:featuredmedia":[{"embeddable":true,"href":"https:\/\/247stiri.ro\/index.php\/wp-json\/wp\/v2\/media\/56349"}],"wp:attachment":[{"href":"https:\/\/247stiri.ro\/index.php\/wp-json\/wp\/v2\/media?parent=56353"}],"wp:term":[{"taxonomy":"category","embeddable":true,"href":"https:\/\/247stiri.ro\/index.php\/wp-json\/wp\/v2\/categories?post=56353"},{"taxonomy":"post_tag","embeddable":true,"href":"https:\/\/247stiri.ro\/index.php\/wp-json\/wp\/v2\/tags?post=56353"}],"curies":[{"name":"wp","href":"https:\/\/api.w.org\/{rel}","templated":true}]}}