{"id":56363,"date":"2026-01-06T14:45:22","date_gmt":"2026-01-06T14:45:22","guid":{"rendered":"https:\/\/247stiri.ro\/index.php\/2026\/01\/06\/stockholm-sub-zapada-suedezii-merg-cu-schiurile-pe-strazile-din-oras\/"},"modified":"2026-01-06T14:45:22","modified_gmt":"2026-01-06T14:45:22","slug":"stockholm-sub-zapada-suedezii-merg-cu-schiurile-pe-strazile-din-oras","status":"publish","type":"post","link":"https:\/\/247stiri.ro\/index.php\/2026\/01\/06\/stockholm-sub-zapada-suedezii-merg-cu-schiurile-pe-strazile-din-oras\/","title":{"rendered":"Stockholm sub z\u0103pad\u0103: suedezii merg cu schiurile pe str\u0103zile din ora\u0219"},"content":{"rendered":"<p>Locuitorii din Stockholm se deplaseaz\u0103 cu schiurile pe str\u0103zi<\/p>\n<p><a href=\"https:\/\/www.realitatea.net\/stiri\/vremea\/iarna-autentica-la-balea-lac-stratul-de-zapada-are-aproape-un-metru-grosime-risc-major-de-avalanse-foto_695b91597171722eb149ff1b\" target=\"_blank\">\u00cen acest weekend,<\/a> numero\u0219i suedezi au ales metode neobi\u0219nuite de deplasare, renun\u021b\u00e2nd la mijloacele clasice \u0219i opt\u00e2nd pentru schiuri. Nu doar p\u0103durile sau parcurile au fost luate cu asalt, ci \u0219i str\u0103zile ora\u0219ului, aproape pustii \u00een anumite zone.<\/p>\n<p>Printre cei care au avut curajul s\u0103 schieze prin cartierele reziden\u021biale se num\u0103r\u0103 \u0219i Frida L\u00f6fqvist, o localnic\u0103 din \u00d6rnsberg. Entuziasmat\u0103 de z\u0103pada proasp\u0103t\u0103, aceasta a ie\u0219it la schi \u00een toiul nop\u021bii, travers\u00e2nd str\u0103zile din Aspudden \u0219i \u00d6rnsberg. Experien\u021ba a fost, potrivit propriei descrieri, una memorabil\u0103, care i-a oferit o stare de libertate \u0219i energie rar \u00eent\u00e2lnit\u0103.<\/p>\n<p>Stratul de z\u0103pad\u0103, care a ajuns pe alocuri la aproximativ 20 de centimetri, a permis o alunecare bun\u0103 at\u00e2t pe str\u0103zile l\u0103turalnice, c\u00e2t \u0219i pe unele artere principale. Traficul a fost redus, Frida \u00eent\u00e2lnind mai ales utilaje de desz\u0103pezire \u0219i foarte pu\u021bine autoturisme.<\/p>\n<p>\u00centr-o alt\u0103 zon\u0103 a ora\u0219ului, \u00een S\u00f6derort, H\u00e5kan Sl\u00e4ttman a demonstrat c\u0103 schiurile pot fi utile \u0219i \u00een activit\u0103\u021bile de zi cu zi. Acesta a ales s\u0103 se deplaseze pe schiuri p\u00e2n\u0103 la p\u00e2rtia din apropiere, profit\u00e2nd de drum pentru a transporta \u0219i de\u0219eurile reciclabile. Cu rucsacul \u00een spate \u0219i schiurile \u00een picioare, b\u0103rbatul a fost surprins la punctul de colectare, test\u00e2nd condi\u021biile de alunecare \u00eenainte de a-\u0219i continua traseul.<\/p>\n<p>Creativitatea locuitorilor nu s-a oprit aici. \u00cen cartierul S\u00f6dermalm, pe o pist\u0103 de biciclete, Noa Johansson Korkkinen, \u00een v\u00e2rst\u0103 de 22 de ani, a ales s\u0103 combine schiatul cu plimbarea c\u00e2inelui. Ajutat de Saska, o c\u0103\u021belu\u0219\u0103 energic\u0103, t\u00e2n\u0103rul a atins viteze considerabile, experien\u021ba fiind una solicitant\u0103, dar extrem de distractiv\u0103.<\/p>\n<p><a href=\"https:\/\/www.realitatea.net\/stiri\/actual\/schimbare-brusca-a-vremii-ninsori-semnificative-si-vant-puternic-pana-sambata-noua-prognoza-a-anm_695651bd16d3e31b6b77a9f7\" target=\"_blank\">Pe str\u0103zile acoperite de z\u0103pad\u0103<\/a> au fost v\u0103zute \u0219i familii. Andreas Bodstr\u00f6m \u0219i fiica sa de opt ani au ales s\u0103 ias\u0103 la schi \u00een parc, consider\u00e2nd c\u0103 ocazia este prea rar\u0103 pentru a fi ratat\u0103. De\u0219i ini\u021bial pl\u0103nuiau s\u0103 ajung\u0103 pe o p\u00e2rtie amenajat\u0103, au decis s\u0103 profite de z\u0103pada din ora\u0219, adapt\u00e2ndu-se rapid condi\u021biilor.<\/p>\n<p>Fenomenul arat\u0103 \u00eenc\u0103 o dat\u0103 modul \u00een care suedezii reu\u0219esc s\u0103 transforme iarna \u00eentr-o oportunitate, nu \u00eentr-un obstacol, g\u0103sind solu\u021bii ingenioase \u0219i pline de voie bun\u0103 pentru a se bucura de sezonul rece.<\/p>","protected":false},"excerpt":{"rendered":"<p>Locuitorii din Stockholm se deplaseaz\u0103 cu schiurile pe str\u0103zi \u00cen acest weekend, numero\u0219i suedezi au&hellip;<\/p>\n","protected":false},"author":0,"featured_media":56364,"comment_status":"open","ping_status":"open","sticky":false,"template":"","format":"standard","meta":{"footnotes":""},"categories":[2],"tags":[],"class_list":["post-56363","post","type-post","status-publish","format-standard","has-post-thumbnail","hentry","category-actual"],"_links":{"self":[{"href":"https:\/\/247stiri.ro\/index.php\/wp-json\/wp\/v2\/posts\/56363","targetHints":{"allow":["GET"]}}],"collection":[{"href":"https:\/\/247stiri.ro\/index.php\/wp-json\/wp\/v2\/posts"}],"about":[{"href":"https:\/\/247stiri.ro\/index.php\/wp-json\/wp\/v2\/types\/post"}],"replies":[{"embeddable":true,"href":"https:\/\/247stiri.ro\/index.php\/wp-json\/wp\/v2\/comments?post=56363"}],"version-history":[{"count":0,"href":"https:\/\/247stiri.ro\/index.php\/wp-json\/wp\/v2\/posts\/56363\/revisions"}],"wp:featuredmedia":[{"embeddable":true,"href":"https:\/\/247stiri.ro\/index.php\/wp-json\/wp\/v2\/media\/56364"}],"wp:attachment":[{"href":"https:\/\/247stiri.ro\/index.php\/wp-json\/wp\/v2\/media?parent=56363"}],"wp:term":[{"taxonomy":"category","embeddable":true,"href":"https:\/\/247stiri.ro\/index.php\/wp-json\/wp\/v2\/categories?post=56363"},{"taxonomy":"post_tag","embeddable":true,"href":"https:\/\/247stiri.ro\/index.php\/wp-json\/wp\/v2\/tags?post=56363"}],"curies":[{"name":"wp","href":"https:\/\/api.w.org\/{rel}","templated":true}]}}