{"id":56374,"date":"2026-01-06T15:45:37","date_gmt":"2026-01-06T15:45:37","guid":{"rendered":"https:\/\/247stiri.ro\/index.php\/2026\/01\/06\/crima-in-cluj-un-barbat-si-a-ucis-fratele-in-varsta-de-48-de-ani\/"},"modified":"2026-01-06T15:45:37","modified_gmt":"2026-01-06T15:45:37","slug":"crima-in-cluj-un-barbat-si-a-ucis-fratele-in-varsta-de-48-de-ani","status":"publish","type":"post","link":"https:\/\/247stiri.ro\/index.php\/2026\/01\/06\/crima-in-cluj-un-barbat-si-a-ucis-fratele-in-varsta-de-48-de-ani\/","title":{"rendered":"Crim\u0103 \u00een Cluj! Un b\u0103rbat \u0219i-a ucis fratele \u00een v\u00e2rst\u0103 de 48 de ani"},"content":{"rendered":"<p>Un b\u0103rbat, trimis \u00een arest preventiv dup\u0103 moartea violent\u0103 a fratelui s\u0103u<\/p>\n<p><a href=\"https:\/\/www.realitatea.net\/stiri\/actual\/barbat-arestat-pentru-ca-siar-fi-ucis-tatal-in-bataie-ar-fi-stat-doua-zile-langa-cadavru_6958b522fa5c78380325fbf8\" target=\"_blank\">Alarma a fost dat\u0103<\/a> \u00een noaptea de 4 ianuarie, aproape de miezul nop\u021bii, c\u00e2nd o persoan\u0103 a sesizat autorit\u0103\u021bile cu privire la prezen\u021ba unui cadavru \u00eentr-un imobil din localitate. Poli\u021bi\u0219tii sosi\u021bi la fa\u021ba locului au constatat c\u0103 este vorba despre un b\u0103rbat \u00een v\u00e2rst\u0103 de 48 de ani.<\/p>\n<p>La interven\u021bie a participat o echip\u0103 mixt\u0103 format\u0103 din procuror, poli\u021bi\u0219ti specializa\u021bi \u00een investiga\u021bii criminale, agen\u021bi ai Sec\u021biei 6 Poli\u021bie Rural\u0103 Flore\u0219ti \u0219i un medic legist. Primele verific\u0103ri au indicat c\u0103 moartea nu a survenit din cauze naturale, motiv pentru care ancheta a fost demarat\u0103 sub aspectul s\u0103v\u00e2r\u0219irii infrac\u021biunii de omor.<\/p>\n<p>\u00cen urma cercet\u0103rilor, anchetatorii au identificat un b\u0103rbat de 46 de ani, fratele victimei, fa\u021b\u0103 de care au fost efectuate verific\u0103ri suplimentare. Potrivit unor surse judiciare, cadavrul ar fi fost descoperit de o alt\u0103 persoan\u0103 care locuia \u00een acela\u0219i imobil.<\/p>\n<p>Luni, procurorii au dispus re\u021binerea suspectului pentru 24 de ore, iar mar\u021bi, judec\u0103torul de drepturi \u0219i libert\u0103\u021bi din cadrul Tribunalului Cluj a admis solicitarea Parchetului \u0219i a decis arestarea preventiv\u0103 a acestuia pentru o perioad\u0103 de 30 de zile.<\/p>\n<p><a href=\"https:\/\/www.realitatea.net\/stiri\/actual\/barbat-ucis-de-prietenul-de-pahar-la-galati-crima-socanta-cu-toporul_695760eeb38baf6d65206052\" target=\"_blank\">Dosarul r\u0103m\u00e2ne<\/a> \u00een lucru, cercet\u0103rile fiind continuate sub coordonarea Parchetului de pe l\u00e2ng\u0103 Tribunalul Cluj, pentru stabilirea tuturor circumstan\u021belor \u00een care s-a produs decesul \u0219i pentru completarea probatoriului.<\/p>","protected":false},"excerpt":{"rendered":"<p>Un b\u0103rbat, trimis \u00een arest preventiv dup\u0103 moartea violent\u0103 a fratelui s\u0103u Alarma a fost&hellip;<\/p>\n","protected":false},"author":0,"featured_media":56375,"comment_status":"open","ping_status":"open","sticky":false,"template":"","format":"standard","meta":{"footnotes":""},"categories":[2],"tags":[],"class_list":["post-56374","post","type-post","status-publish","format-standard","has-post-thumbnail","hentry","category-actual"],"_links":{"self":[{"href":"https:\/\/247stiri.ro\/index.php\/wp-json\/wp\/v2\/posts\/56374","targetHints":{"allow":["GET"]}}],"collection":[{"href":"https:\/\/247stiri.ro\/index.php\/wp-json\/wp\/v2\/posts"}],"about":[{"href":"https:\/\/247stiri.ro\/index.php\/wp-json\/wp\/v2\/types\/post"}],"replies":[{"embeddable":true,"href":"https:\/\/247stiri.ro\/index.php\/wp-json\/wp\/v2\/comments?post=56374"}],"version-history":[{"count":0,"href":"https:\/\/247stiri.ro\/index.php\/wp-json\/wp\/v2\/posts\/56374\/revisions"}],"wp:featuredmedia":[{"embeddable":true,"href":"https:\/\/247stiri.ro\/index.php\/wp-json\/wp\/v2\/media\/56375"}],"wp:attachment":[{"href":"https:\/\/247stiri.ro\/index.php\/wp-json\/wp\/v2\/media?parent=56374"}],"wp:term":[{"taxonomy":"category","embeddable":true,"href":"https:\/\/247stiri.ro\/index.php\/wp-json\/wp\/v2\/categories?post=56374"},{"taxonomy":"post_tag","embeddable":true,"href":"https:\/\/247stiri.ro\/index.php\/wp-json\/wp\/v2\/tags?post=56374"}],"curies":[{"name":"wp","href":"https:\/\/api.w.org\/{rel}","templated":true}]}}