{"id":56376,"date":"2026-01-06T15:45:38","date_gmt":"2026-01-06T15:45:38","guid":{"rendered":"https:\/\/247stiri.ro\/index.php\/2026\/01\/06\/criza-energetica-la-craiova-ministerul-energiei-a-cerut-bani-premierul-a-spus-nu-primaria-se-teme-ca-orasul-va-ramane-in-frig\/"},"modified":"2026-01-06T15:45:38","modified_gmt":"2026-01-06T15:45:38","slug":"criza-energetica-la-craiova-ministerul-energiei-a-cerut-bani-premierul-a-spus-nu-primaria-se-teme-ca-orasul-va-ramane-in-frig","status":"publish","type":"post","link":"https:\/\/247stiri.ro\/index.php\/2026\/01\/06\/criza-energetica-la-craiova-ministerul-energiei-a-cerut-bani-premierul-a-spus-nu-primaria-se-teme-ca-orasul-va-ramane-in-frig\/","title":{"rendered":"Criz\u0103 energetic\u0103 la Craiova. Ministerul Energiei a cerut bani, premierul a spus \u201eNU\u201d. Prim\u0103ria se teme c\u0103 ora\u0219ul va r\u0103m\u00e2ne \u00een frig"},"content":{"rendered":"<p>Primarul Craiovei, Lia Olgu\u021ba Vasilescu, a reac\u021bionat dur pe re\u021belele sociale \u00een urma criticilor privind problemele de termoficare din ora\u0219, explic\u00e2nd c\u0103 responsabilitatea pentru avariile repetate revine exclusiv Ministerului Energiei, institu\u021bie \u00een subordinea c\u0103reia se afl\u0103 produc\u0103torul Electrocentrale Craiova. Edilul a clarificat distinc\u021bia dintre produc\u0103tor \u0219i distribuitor, subliniind c\u0103 societatea prim\u0103riei, Termo Urban, func\u021bioneaz\u0103 optim \u0219i este pe profit, \u00een timp ce Electrocentrale se zbate \u00eentr-o situa\u021bie critic\u0103 din cauza lipsei investi\u021biilor \u00een instala\u021biile vechi de peste jum\u0103tate de secol.<\/p>\n<p>Conform primarului, criza actual\u0103 a fost agravat\u0103 de decizia politic\u0103 de la nivel central. De\u0219i Ministerul Energiei a solicitat \u00een var\u0103 un ajutor de 350 de milioane de lei pentru plata datoriilor \u0219i efectuarea repara\u021biilor capitale, premierul Ilie Bolojan s-ar fi opus aloc\u0103rii acestor fonduri. \u00cen lipsa banilor, mentenan\u021ba s-a f\u0103cut doar \u201edin mers\u201d cu angaja\u021bii proprii, ceea ce a dus la un cerc vicios \u00een care cele dou\u0103 grupuri energetice cedeaz\u0103 alternativ, l\u0103s\u00e2nd uneori ora\u0219ul f\u0103r\u0103 c\u0103ldur\u0103 atunci c\u00e2nd ambele se defecteaz\u0103 simultan. \u00cen acest context, Vasilescu i-a numit \u201eeroi\u201d pe salaria\u021bii care au lucrat ne\u00eencetat de s\u0103rb\u0103tori pentru a \u021bine instala\u021biile \u00een via\u021b\u0103.<\/p>\n<p>Pentru a scoate Craiova din aceast\u0103 captivitate energetic\u0103, prim\u0103ria a demarat procedurile pentru construirea unei centrale proprii. Edilul a precizat c\u0103 municipalitatea a achizi\u021bionat deja un teren strategic, a depus documenta\u021bia la Transelectrica \u0219i a preg\u0103tit licita\u021bia, \u00eens\u0103 procesul este \u00eencetinit de birocra\u021bia ANAP. Lia Olgu\u021ba Vasilescu a respins, de asemenea, acuza\u021biile conform c\u0103rora prim\u0103ria ar fi ratat fonduri europene pentru modernizare, explic\u00e2nd c\u0103 proiectele prin PNRR erau imposibil de sus\u021binut financiar de c\u0103tre o societate aflat\u0103 \u00een insolven\u021b\u0103, care ar fi trebuit s\u0103 acopere din surse proprii o cofinan\u021bare de aproximativ 200 de milioane de euro.<\/p>\n<p>\u00cen final, primarul a subliniat c\u0103 singurul sprijin concret pe care prim\u0103ria l-a putut oferi legal, \u00een contextul \u00een care nu este proprietarul centralei, a fost alocarea a 20 de milioane de lei c\u0103tre distribuitorul Termo Urban pentru plata \u00een avans a agentului termic. Aceast\u0103 sum\u0103 a permis achizi\u021bionarea c\u0103rbunelui necesar pentru a asigura continuitatea \u00eenc\u0103lzirii \u00een aceast\u0103 iarn\u0103, \u00een timp ce c\u0103ldura este furnizat\u0103 \u00een prezent la parametrii normali, sub rezerva rezisten\u021bei tehnice a grupurilor energetice.<\/p>","protected":false},"excerpt":{"rendered":"<p>Primarul Craiovei, Lia Olgu\u021ba Vasilescu, a reac\u021bionat dur pe re\u021belele sociale \u00een urma criticilor privind&hellip;<\/p>\n","protected":false},"author":0,"featured_media":56377,"comment_status":"open","ping_status":"open","sticky":false,"template":"","format":"standard","meta":{"footnotes":""},"categories":[2],"tags":[],"class_list":["post-56376","post","type-post","status-publish","format-standard","has-post-thumbnail","hentry","category-actual"],"_links":{"self":[{"href":"https:\/\/247stiri.ro\/index.php\/wp-json\/wp\/v2\/posts\/56376","targetHints":{"allow":["GET"]}}],"collection":[{"href":"https:\/\/247stiri.ro\/index.php\/wp-json\/wp\/v2\/posts"}],"about":[{"href":"https:\/\/247stiri.ro\/index.php\/wp-json\/wp\/v2\/types\/post"}],"replies":[{"embeddable":true,"href":"https:\/\/247stiri.ro\/index.php\/wp-json\/wp\/v2\/comments?post=56376"}],"version-history":[{"count":0,"href":"https:\/\/247stiri.ro\/index.php\/wp-json\/wp\/v2\/posts\/56376\/revisions"}],"wp:featuredmedia":[{"embeddable":true,"href":"https:\/\/247stiri.ro\/index.php\/wp-json\/wp\/v2\/media\/56377"}],"wp:attachment":[{"href":"https:\/\/247stiri.ro\/index.php\/wp-json\/wp\/v2\/media?parent=56376"}],"wp:term":[{"taxonomy":"category","embeddable":true,"href":"https:\/\/247stiri.ro\/index.php\/wp-json\/wp\/v2\/categories?post=56376"},{"taxonomy":"post_tag","embeddable":true,"href":"https:\/\/247stiri.ro\/index.php\/wp-json\/wp\/v2\/tags?post=56376"}],"curies":[{"name":"wp","href":"https:\/\/api.w.org\/{rel}","templated":true}]}}