{"id":56378,"date":"2026-01-06T15:45:39","date_gmt":"2026-01-06T15:45:39","guid":{"rendered":"https:\/\/247stiri.ro\/index.php\/2026\/01\/06\/anca-alexandrescu-critici-nemiloase-cand-oamenii-sunt-disperati-pentru-taxele-si-impozitele-cu-care-sunt-sfasiati-nicusor-dan-face-bascalie-cu-presa-ingenuncheata-in-fata-lui\/"},"modified":"2026-01-06T15:45:39","modified_gmt":"2026-01-06T15:45:39","slug":"anca-alexandrescu-critici-nemiloase-cand-oamenii-sunt-disperati-pentru-taxele-si-impozitele-cu-care-sunt-sfasiati-nicusor-dan-face-bascalie-cu-presa-ingenuncheata-in-fata-lui","status":"publish","type":"post","link":"https:\/\/247stiri.ro\/index.php\/2026\/01\/06\/anca-alexandrescu-critici-nemiloase-cand-oamenii-sunt-disperati-pentru-taxele-si-impozitele-cu-care-sunt-sfasiati-nicusor-dan-face-bascalie-cu-presa-ingenuncheata-in-fata-lui\/","title":{"rendered":"Anca Alexandrescu, critici nemiloase: \u201eC\u00e2nd oamenii sunt dispera\u021bi pentru taxele \u0219i impozitele cu care sunt sf\u00e2\u0219ia\u021bi, Nicu\u0219or Dan face b\u0103\u0219c\u0103lie cu presa \u00eengenuncheat\u0103 \u00een fa\u021ba lui\u201d"},"content":{"rendered":"<p>\u201e\u00cen primul r\u00e2nd cred c\u0103 pre\u0219edintele este deconectat de ce se \u00eent\u00e2mpl\u0103 \u00een Rom\u00e2nia de c\u00e2nd este pre\u0219edinte. El pare c\u0103 tr\u0103ie\u0219te \u00eentr-o alt\u0103 Rom\u00e2nie, alta dec\u00e2t cea \u00een care tr\u0103im noi to\u021bi ceilal\u021bi. De altfel, \u0219i starea lui de spirit arat\u0103 lucrul acesta. Modul cum se hlize\u0219te, modul cum se comport\u0103 \u00een fa\u021ba jurnali\u0219tilor c\u00e2nd \u021bara este \u00eentr-o situa\u021bie dramatic\u0103, \u00een condi\u021biile \u00een care oamenii pl\u00e2ng, sunt dispera\u021bi pentru taxele \u0219i impozitele cu care sunt efectiv sf\u00e2\u0219ia\u021bi de c\u0103tre conducerea \u021b\u0103rii, Nicu\u0219or Dan face b\u0103\u0219c\u0103lie cu presa care este \u00eengenuncheat\u0103 \u00een fa\u021ba lui, pentru c\u0103 altfel nu pot s\u0103 \u00eemi explic \u00eentreb\u0103rile t\u00e2mpe care i-au fost puse de c\u0103tre a\u0219a-zi\u0219ii jurnali\u0219ti care \u00eel \u00eenso\u021besc.<\/p>\n<p>Este o b\u0103taie de joc la adresa \u00eentregii Rom\u00e2nii ceea ce am v\u0103zut, am \u0219i postat pe pagina mea de socializare \u0219i i-am \u00eentrebat pe cei care l-au votat \u201ecum a\u021bi putut vota a\u0219a ceva?\u201d Dincolo de faptul c\u0103 este primul pre\u0219edinte al Rom\u00e2niei dup\u0103 1989 care nu s-a obosit s\u0103 dea m\u0103car un mesaj pentru rom\u00e2ni de s\u0103rb\u0103tori, \u0103sta e primul mesaj pe care Nicu\u0219or Dan \u00eel d\u0103 rom\u00e2nilor? \u00cen condi\u021biile \u00een care noua ordine mondial\u0103 vedem cum se schimb\u0103, iar \u00een Rom\u00e2nia Nicu\u0219or \u0219i Bolojan se bat \u00een comisii s\u0103 pun\u0103 m\u00e2na pe justi\u021bie, \u0219i Nicu\u0219or vine \u0219i spune \u00een fa\u021ba jurnali\u0219tilor c\u0103 nu \u0219i-a revenit nici p\u00e2n\u0103 acum dup\u0103 noaptea de Revelion, c\u0103 a primit m\u0103nu\u0219i \u0219i \u0219osete.<\/p>\n<p>Oameni buni, v\u0103 da\u021bi seama? Ce se \u00eent\u00e2mpl\u0103 cu Rom\u00e2nia? Suntem pierdu\u021bi dac\u0103 r\u0103m\u00e2nem condu\u0219i de aceste personaje. Domnul Bolojan a spus c\u0103 este inadmisibil s\u0103 se fac\u0103 punte pentru data de 5 ianuarie iar el nu a fost ieri la Guvern la munc\u0103. Au fost to\u021bi angaja\u021bii din guvern iar el nu a fost. A\u0219 vrea s\u0103 \u0219tiu c\u00e2nd va recupera domnul Bolojan aceast\u0103 zi, c\u0103 a zis c\u0103 nu este \u00een regul\u0103 s\u0103 recuperezi, c\u0103 devine op\u021bional\u0103 recuperarea. Voi v\u0103 da\u021bi seama ce b\u0103taie de joc tr\u0103ie\u0219te Rom\u00e2nia?<\/p>\n<p>Eu disear\u0103 m\u0103 preg\u0103tesc s\u0103 discut cu ni\u0219te oameni care \u00een\u021beleg ce se \u00eent\u00e2mpl\u0103 \u00een lumea asta, pentru cine a fost lec\u021bia aceasta din Venezuela, pentru c\u0103 sunt ni\u0219te lec\u021bii, sunt ni\u0219te lucruri care se \u00eent\u00e2mpl\u0103, despre care C\u0103lin Georgescu \u0219i al\u021bi oameni care au venit \u00een emisiuni la noi de ani de zile vorbesc despre ce se \u00eent\u00e2mpl\u0103 \u00een lume \u0219i cum se vor schimba sferele de influen\u021b\u0103. Cine s\u0103 \u00een\u021beleag\u0103 ce se \u00eent\u00e2mpl\u0103 \u00een lume, c\u00e2nd avem un astfel de maimu\u021boi pre\u0219edinte la Cotroceni. Este opinia mea, este un circ\u0103r, un clovn, este inadmisibil un astfel de personaj s\u0103 apar\u0103 \u00een fa\u021ba rom\u00e2nilor c\u00e2nd am v\u0103zut ce taxe \u0219i ce impozite sunt.<\/p>\n<p>Ne ceart\u0103 domnul Lucian M\u00e2ndru\u021b\u0103, \u201elas\u0103, foarte bine nu pl\u0103ti\u021bi taxele \u0219i impozitele, s\u0103 nu mai da\u021bi telefon la 112\u201d. P\u0103i ce face statul rom\u00e2n pentru cet\u0103\u021beanul rom\u00e2n? C\u0103 am v\u0103zut c\u0103 atunci c\u00e2nd au sunat la 112 au murit \u00een mun\u021bi, la Colectiv nu au fost \u00een stare s\u0103 \u00eei salveze, i-au trimis \u00een alte \u021b\u0103ri. Pentru ce s\u0103 pl\u0103tim taxe \u0219i impozite? Care este contractul social pe care \u00eel au rom\u00e2nii cu givernul Rom\u00e2niei? Taxele \u0219i impozitele pe care le pl\u0103tim pe propriet\u0103\u021bi dse duc la administra\u021biile locale. P\u0103i pentru ce s\u0103 pl\u0103tesc eu taxe \u0219i impozite la sectorul 3 c\u00e2nd asear\u0103 mi-au scris cet\u0103\u021beni din sectorul 3 c\u0103 copiii lor nu mai beneficiaz\u0103 de o mas\u0103 cald\u0103 la \u0219coal\u0103 dup\u0103 \u0219coal\u0103. Din taxele \u0219i impozitele pe care noi le pl\u0103tim. P\u0103i de ce s\u0103 le mai pl\u0103tim \u00een condi\u021biile astea?<\/p>\n<p>C\u00e2nd 3400 de blocuri din Bucure\u0219ti nu au ap\u0103 cald\u0103 \u0219i c\u0103ldur\u0103. P\u0103i nu v\u0103 sup\u0103ra\u021bi, dar dac\u0103 noi pl\u0103tim nu e normal s\u0103 primim \u0219i ceva \u00een schimb? Noi nu mai primim de ani de zile nimic, \u00een schimb primesc doar ei salarii, beneficii \u0219i l-am v\u0103zut pe Nicu\u0219or Dan c\u0103 vorbe\u0219te \u0219i despre cump\u0103rarea unui avion. Foarte bine, s\u0103 se cumpere. Este ceva ireal, \u0219i limbajul pe care \u00eel folose\u0219te. Acest personaj este pre\u0219edintele Rom\u00e2niei, sunt \u00eengrozit\u0103, nu credeam c\u0103 Rom\u00e2nia poate s\u0103 ajung\u0103 mai jos dec\u00e2t a fost.Jurnali\u0219tii din aeronav\u0103 sunt slugile sistemului. Aici pot s\u0103 vin\u0103 s\u0103 spun\u0103 c\u0103 nu a\u021bi v\u0103zut c\u0103 \u0219i Trump a f\u0103cut la fel cu CNN. Pe mine nu m\u0103 mir\u0103, pentru c\u0103 ei de ani de zile \u00eencearc\u0103 s\u0103 ne \u00eenchid\u0103 postul, de ani de zile suntem supu\u0219i unor frec\u0103ri \u0219i amenin\u021b\u0103ri, iar to\u021bi membrii Clubului Rom\u00e2n de Pres\u0103 tr\u0103iesc acest lucru. Este foarte clar c\u0103 dac\u0103 nu tr\u0103ie\u0219ti \u00een Rom\u00e2nia lor \u00eenseamn\u0103 c\u0103 nu trebuie s\u0103 participi nici la evenimentele de pres\u0103.<\/p>\n<p>Eu m\u0103 bucur c\u0103 nu ne-au invitat nici s\u0103 m\u00e2nc\u0103m sarmale la Cotroceni, a\u021bi v\u0103zut cine sunt personajele care s-au \u00eenghesuit acolo, eu nu vreau s\u0103 fac parte din Rom\u00e2nia lor, eu vreau s\u0103 fac parte din Rom\u00e2nia noastr\u0103 a rom\u00e2nilor, nu a acestor \u0219mecheri care au pus m\u00e2na pe \u021bar\u0103, a unui partid de 8%, USR, care nu face altceva dec\u00e2t s\u0103-\u0219i pun\u0103 oameni peste tot, \u0219i o s\u0103 vorbesc disear\u0103 despre asta. Pe data de 30 decembrie care crede\u021bi c\u0103 a fost grija lui Bolojan \u0219i a \u0219efului de la Casa Na\u021bional\u0103 de Asigur\u0103ri de S\u0103n\u0103tate? S\u0103 \u00eel schimbe pe \u0219eful de la Casa de Asigur\u0103ri de S\u0103n\u0103tate Bucure\u0219ti \u0219i s\u0103 o pun\u0103 pe o USR-ist\u0103 care este \u00eentr-un dosar la DNA. Astea sunt problemele lor \u0219i grijile lor. S\u0103 mai fie Vl\u0103du\u021b Voiculescu \u00eenc\u0103 \u00eentr-un loc \u00een s\u0103n\u0103tate s\u0103 poat\u0103 s\u0103 dirijeze ni\u0219te fonduri. Aici ne afl\u0103m ast\u0103zi \u00een Rom\u00e2nia anului 2026 \u00een condi\u021biile \u00een care \u00een lume se schimb\u0103 noua ordine mondial\u0103. Este foarte clar, noi suntem pierdu\u021bi\u201d, a spus Anca Alexandrescu \u00eentr-o interven\u021bie la Realitatea Plus.<\/p>\n<p><a title='Anca Alexandrescu: ,,Asa cum se arata lucrurile, nu cred ca vom avea parte neaparat de liniste anul acesta\"' href=\"https:\/\/www.realitatea.net\/stiri\/actual\/anca-alexandrescu-asa-cum-se-arata-lucrurile-nu-cred-ca-vom-avea-parte-neaparat-de-liniste-anul-acesta_695c1110cccc7d3b467143bf\">Anca Alexandrescu: \u201eA\u0219a cum se arat\u0103 lucrurile, nu cred c\u0103 vom avea parte neap\u0103rat de lini\u0219te anul acesta\u201d<\/a><\/p>","protected":false},"excerpt":{"rendered":"<p>\u201e\u00cen primul r\u00e2nd cred c\u0103 pre\u0219edintele este deconectat de ce se \u00eent\u00e2mpl\u0103 \u00een Rom\u00e2nia de&hellip;<\/p>\n","protected":false},"author":0,"featured_media":56379,"comment_status":"open","ping_status":"open","sticky":false,"template":"","format":"standard","meta":{"footnotes":""},"categories":[2],"tags":[],"class_list":["post-56378","post","type-post","status-publish","format-standard","has-post-thumbnail","hentry","category-actual"],"_links":{"self":[{"href":"https:\/\/247stiri.ro\/index.php\/wp-json\/wp\/v2\/posts\/56378","targetHints":{"allow":["GET"]}}],"collection":[{"href":"https:\/\/247stiri.ro\/index.php\/wp-json\/wp\/v2\/posts"}],"about":[{"href":"https:\/\/247stiri.ro\/index.php\/wp-json\/wp\/v2\/types\/post"}],"replies":[{"embeddable":true,"href":"https:\/\/247stiri.ro\/index.php\/wp-json\/wp\/v2\/comments?post=56378"}],"version-history":[{"count":0,"href":"https:\/\/247stiri.ro\/index.php\/wp-json\/wp\/v2\/posts\/56378\/revisions"}],"wp:featuredmedia":[{"embeddable":true,"href":"https:\/\/247stiri.ro\/index.php\/wp-json\/wp\/v2\/media\/56379"}],"wp:attachment":[{"href":"https:\/\/247stiri.ro\/index.php\/wp-json\/wp\/v2\/media?parent=56378"}],"wp:term":[{"taxonomy":"category","embeddable":true,"href":"https:\/\/247stiri.ro\/index.php\/wp-json\/wp\/v2\/categories?post=56378"},{"taxonomy":"post_tag","embeddable":true,"href":"https:\/\/247stiri.ro\/index.php\/wp-json\/wp\/v2\/tags?post=56378"}],"curies":[{"name":"wp","href":"https:\/\/api.w.org\/{rel}","templated":true}]}}