{"id":56384,"date":"2026-01-06T16:44:59","date_gmt":"2026-01-06T16:44:59","guid":{"rendered":"https:\/\/247stiri.ro\/index.php\/2026\/01\/06\/cenzura-prinde-putere-nicusor-dan-nu-a-invitat-realitatea-plus-la-paris\/"},"modified":"2026-01-06T16:44:59","modified_gmt":"2026-01-06T16:44:59","slug":"cenzura-prinde-putere-nicusor-dan-nu-a-invitat-realitatea-plus-la-paris","status":"publish","type":"post","link":"https:\/\/247stiri.ro\/index.php\/2026\/01\/06\/cenzura-prinde-putere-nicusor-dan-nu-a-invitat-realitatea-plus-la-paris\/","title":{"rendered":"Cenzura prinde putere. Nicu\u0219or Dan nu a invitat Realitatea PLUS la Paris"},"content":{"rendered":"<p><a href=\"https:\/\/www.realitatea.net\/stiri\/actual\/nicusor-dan-pleaca-in-franta-in-plin-blocaj-provocat-de-masurile-lui-bolojan_695c9ccf15478f70ca23e8d5\" target=\"_blank\">Pre\u0219edintele a luat<\/a> cu el \u00een avion doar presa de cas\u0103, \u00een timp ce jurnali\u0219tii de la Realitatea PLUS nu au fost primi\u021bi \u00een aceast\u0103 deplasare. <a href=\"https:\/\/www.realitatea.net\/stiri\/actual\/nicusor-dan-a-redus-cheltuielile-administratiei-prezidentiale-cu-30-30-de-milioane-de-lei_695bcca6cd5ffe41366df045\" target=\"_blank\">Nicu\u0219or l-a copiat<\/a> pe Donald Trump \u0219i a stat de vorb\u0103 cu jurnali\u0219tii din u\u0219a avionului, la fel ca pre\u0219edintele american \u00een Air Force One.<\/p>\n<p>Nicu\u0219or Dan s-a dus la Paris doar cu jurnali\u0219tii de cas\u0103<\/p>\n<p>Reporter: Am v\u0103zut c\u0103 a\u021bi fost plecat.<\/p>\n<p>Nicu\u0219or Dan: Am fost&#8230; p\u0103rin\u021bii mei, unul e din F\u0103g\u0103ra\u0219, tata e din F\u0103g\u0103ra\u0219, mama din Ileni, care e la 10 kilometri&#8230; \u0219i am fost cu colinda \u0219i \u00eentr-o parte \u0219i \u00een alta vreo dou\u0103 zile, inclusiv Mo\u0219 Cr\u0103ciun a venit tot acolo, ne-a prins la una dintre loca\u021bii \u0219i dup\u0103 asta am fost undeva la munte.<\/p>\n<p>Reporter: Ce dorin\u021b\u0103 v-a\u021bi pus de Revelion?<\/p>\n<p>Nicu\u0219or Dan: O schimbare gradual\u0103, subliniez, \u00een Rom\u00e2nia.<\/p>\n<p>Reporter: Ce v-a adus Mo\u0219 Cr\u0103ciun?<\/p>\n<p>Nicu\u0219or Dan: Mi-a adus m\u0103nu\u0219i \u0219i \u0219osete.<\/p>\n<p>Reporter: Ce \u00eenseamn\u0103 schimbare gradual\u0103?<\/p>\n<p>Nicu\u0219or Dan: Suntem \u00eentr-un context interna\u021bional dificil \u0219i nu e momentul de revolu\u021bii \u0219i destabilizare \u00een Rom\u00e2nia&#8230;\u0219i atunci&#8230; \u00eencet, \u00eencet.<\/p>\n<p>Reporter: V-a\u021bi obi\u0219nuit cu deplas\u0103rile cu un avion militar?<\/p>\n<p>Nicu\u0219or Dan: Asta e explica\u021bia pentru reducerea de 30 de milioane de care vorbeam.<\/p>\n<p>Reporter: Lua\u021bi \u00een calcul achizi\u021bia unui avion preziden\u021bial vreodat\u0103?<\/p>\n<p>Nicu\u0219or Dan: La momentul potrivit, da. Nu e momentul acum, dar, de exemplu, nu avem comunica\u021bii aici, deci eu 4 ore \u0219i jum\u0103tate am fost deconectat de realitatea din Rom\u00e2nia \u0219i nu e normal.<\/p>\n<p>Reporter: Care e m\u00e2ncarea preferat\u0103 de Cr\u0103ciun?<\/p>\n<p>Nicu\u0219or Dan: Tot timpul ciolan cu fasole.<\/p>\n<p>Reporter: Ceva dulce?<\/p>\n<p>Nicu\u0219or Dan: \u00cencerc s\u0103 m\u0103 men\u021bin.<\/p>\n<p>Reporter: Ce ve\u021bi face pentru deplas\u0103rile mai lungi \u00een care nu pute\u021bi s\u0103 folosi\u021bi avionul militar?<\/p>\n<p>Nicu\u0219or Dan: De la caz la caz, de la caz la caz. \u0218ti\u021bi c\u0103 urma s\u0103 mergem \u00een Columbia la reuniunea aia \u0219i atunci urma s\u0103 \u00eenchiriem un avion, pentru c\u0103 \u0103sta nu bate p\u00e2n\u0103 acolo. De la caz la caz, dac\u0103 e o loca\u021bie comercial\u0103, cum e Washington sau New York, atunci e simplu, dac\u0103 nu&#8230; de la caz la caz.<\/p>\n<p>Reporter: Miza\u021bi pe stabilitatea coali\u021biei \u0219i anul acesta \u00een formula actual\u0103?<\/p>\n<p>Nicu\u0219or Dan: Da, da. Categoric, da.<\/p>\n<p>Reporter: De revelion cum a\u021bi petrecut? A\u021bi dansat, a\u021bi stat p\u00e2n\u0103 diminea\u021b\u0103?<\/p>\n<p>Nicu\u0219or Dan: Am stat p\u00e2n\u0103 la ora 3, iar asta mi-a perturbat somnul p\u00e2n\u0103 \u00een ziua de azi.<\/p>\n<p>Reporter: Sunte\u021bi obi\u0219nuit cu nop\u021bi albe?<\/p>\n<p>Nicu\u0219or Dan: Am fost cu mai mul\u021bi p\u0103rin\u021bi \u0219i copii \u0219i tr\u0103geau copiii de noi s\u0103 mai st\u0103m.<\/p>\n<p>\u00a0<\/p>\n<p>\u00a0<\/p>\n<p class=\"pf0\">\u00a0<\/p>","protected":false},"excerpt":{"rendered":"<p>Pre\u0219edintele a luat cu el \u00een avion doar presa de cas\u0103, \u00een timp ce jurnali\u0219tii&hellip;<\/p>\n","protected":false},"author":0,"featured_media":56385,"comment_status":"open","ping_status":"open","sticky":false,"template":"","format":"standard","meta":{"footnotes":""},"categories":[3],"tags":[],"class_list":["post-56384","post","type-post","status-publish","format-standard","has-post-thumbnail","hentry","category-politica"],"_links":{"self":[{"href":"https:\/\/247stiri.ro\/index.php\/wp-json\/wp\/v2\/posts\/56384","targetHints":{"allow":["GET"]}}],"collection":[{"href":"https:\/\/247stiri.ro\/index.php\/wp-json\/wp\/v2\/posts"}],"about":[{"href":"https:\/\/247stiri.ro\/index.php\/wp-json\/wp\/v2\/types\/post"}],"replies":[{"embeddable":true,"href":"https:\/\/247stiri.ro\/index.php\/wp-json\/wp\/v2\/comments?post=56384"}],"version-history":[{"count":0,"href":"https:\/\/247stiri.ro\/index.php\/wp-json\/wp\/v2\/posts\/56384\/revisions"}],"wp:featuredmedia":[{"embeddable":true,"href":"https:\/\/247stiri.ro\/index.php\/wp-json\/wp\/v2\/media\/56385"}],"wp:attachment":[{"href":"https:\/\/247stiri.ro\/index.php\/wp-json\/wp\/v2\/media?parent=56384"}],"wp:term":[{"taxonomy":"category","embeddable":true,"href":"https:\/\/247stiri.ro\/index.php\/wp-json\/wp\/v2\/categories?post=56384"},{"taxonomy":"post_tag","embeddable":true,"href":"https:\/\/247stiri.ro\/index.php\/wp-json\/wp\/v2\/tags?post=56384"}],"curies":[{"name":"wp","href":"https:\/\/api.w.org\/{rel}","templated":true}]}}