{"id":56386,"date":"2026-01-06T16:45:00","date_gmt":"2026-01-06T16:45:00","guid":{"rendered":"https:\/\/247stiri.ro\/index.php\/2026\/01\/06\/ipocrizia-rezistilor-usr-il-ataca-pe-bolojan-pentru-noile-taxe\/"},"modified":"2026-01-06T16:45:00","modified_gmt":"2026-01-06T16:45:00","slug":"ipocrizia-rezistilor-usr-il-ataca-pe-bolojan-pentru-noile-taxe","status":"publish","type":"post","link":"https:\/\/247stiri.ro\/index.php\/2026\/01\/06\/ipocrizia-rezistilor-usr-il-ataca-pe-bolojan-pentru-noile-taxe\/","title":{"rendered":"Ipocrizia rezi\u0219tilor: USR \u00eel atac\u0103 pe Bolojan pentru noile taxe"},"content":{"rendered":"<p>Lider USR: \u201eAvem taxe mari \u0219i pe munc\u0103 \u0219i pe proprietate. E bine a\u0219a?\u201d<\/p>\n<p>\u201eClasa politic\u0103 repet\u0103 \u00een continuu la televizor: \u201eTaxele pe proprietate trebuiau crescute pentru c\u0103 erau mici. Ce uit\u0103 s\u0103 spun\u0103 este c\u0103 taxele pe munc\u0103 sunt foarte mari. \u0218i nu doar foarte mari, ci cele mai mari din UE pe salariile mici.&#8221;, spune <a href=\"https:\/\/www.realitatea.net\/stiri\/politica\/useristul-claudiu-nasui-il-torpileaza-pe-nicusor-dan-e-periculos-ca-firmele-sa-scrie-direct-legile_691044c08a0a880df6516852\" target=\"_blank\">Claudiu N\u0103sui. <\/a><\/p>\n<p><a href=\"https:\/\/www.realitatea.net\/stiri\/actual\/rezistul-nasui-sare-la-gatul-lui-bolojan-cresterea-taxelor-a-fost-o-greseala-fatala-a-guvernului_69032d12060dd15d551329a6\" target=\"_blank\">Liderul USR<\/a>, partener de guvernare al premierului s\u0103r\u0103ciei, recunoa\u0219te c\u0103 rom\u00e2nii, de\u0219i muncesc mult, sunt mult prea s\u0103raci \u0219i \u00eempov\u0103ra\u021bi de taxe.<\/p>\n<p>\u201e\u00cenainte aveam taxe mari pe munc\u0103 \u0219i mici pe proprietate. Acum avem taxe mari \u0219i pe munc\u0103 \u0219i pe proprietate. Este asta mai bine?&#8221;, mai spune rezistul care pare c\u0103 a uitat c\u0103 partidul s\u0103u face parte din guvernul care a luat aceste m\u0103suri \u00eempotriva poporului.<\/p>\n<p>\u00a0<\/p>\n<p class=\"pf0\">\u00a0<\/p>","protected":false},"excerpt":{"rendered":"<p>Lider USR: \u201eAvem taxe mari \u0219i pe munc\u0103 \u0219i pe proprietate. E bine a\u0219a?\u201d \u201eClasa&hellip;<\/p>\n","protected":false},"author":0,"featured_media":56387,"comment_status":"open","ping_status":"open","sticky":false,"template":"","format":"standard","meta":{"footnotes":""},"categories":[3],"tags":[],"class_list":["post-56386","post","type-post","status-publish","format-standard","has-post-thumbnail","hentry","category-politica"],"_links":{"self":[{"href":"https:\/\/247stiri.ro\/index.php\/wp-json\/wp\/v2\/posts\/56386","targetHints":{"allow":["GET"]}}],"collection":[{"href":"https:\/\/247stiri.ro\/index.php\/wp-json\/wp\/v2\/posts"}],"about":[{"href":"https:\/\/247stiri.ro\/index.php\/wp-json\/wp\/v2\/types\/post"}],"replies":[{"embeddable":true,"href":"https:\/\/247stiri.ro\/index.php\/wp-json\/wp\/v2\/comments?post=56386"}],"version-history":[{"count":0,"href":"https:\/\/247stiri.ro\/index.php\/wp-json\/wp\/v2\/posts\/56386\/revisions"}],"wp:featuredmedia":[{"embeddable":true,"href":"https:\/\/247stiri.ro\/index.php\/wp-json\/wp\/v2\/media\/56387"}],"wp:attachment":[{"href":"https:\/\/247stiri.ro\/index.php\/wp-json\/wp\/v2\/media?parent=56386"}],"wp:term":[{"taxonomy":"category","embeddable":true,"href":"https:\/\/247stiri.ro\/index.php\/wp-json\/wp\/v2\/categories?post=56386"},{"taxonomy":"post_tag","embeddable":true,"href":"https:\/\/247stiri.ro\/index.php\/wp-json\/wp\/v2\/tags?post=56386"}],"curies":[{"name":"wp","href":"https:\/\/api.w.org\/{rel}","templated":true}]}}