{"id":564,"date":"2024-10-21T12:14:31","date_gmt":"2024-10-21T12:14:31","guid":{"rendered":"https:\/\/247stiri.ro\/index.php\/2024\/10\/21\/bucurestenii-vor-avea-caldura-in-case-incepand-de-astazi-nicusor-dan-vor-fi-probleme-dar-vor-fi-ceva-mai-putine-decat-iarna-trecuta\/"},"modified":"2024-10-21T12:14:31","modified_gmt":"2024-10-21T12:14:31","slug":"bucurestenii-vor-avea-caldura-in-case-incepand-de-astazi-nicusor-dan-vor-fi-probleme-dar-vor-fi-ceva-mai-putine-decat-iarna-trecuta","status":"publish","type":"post","link":"https:\/\/247stiri.ro\/index.php\/2024\/10\/21\/bucurestenii-vor-avea-caldura-in-case-incepand-de-astazi-nicusor-dan-vor-fi-probleme-dar-vor-fi-ceva-mai-putine-decat-iarna-trecuta\/","title":{"rendered":"Bucure\u0219tenii vor avea c\u0103ldur\u0103 \u00een case \u00eencep\u00e2nd de ast\u0103zi. Nicu\u0219or Dan: Vor fi probleme, dar vor fi ceva mai pu\u0163ine dec\u00e2t iarna trecut\u0103"},"content":{"rendered":"<p>\u00centrebat c\u00e2nd va \u00eencepe furnizarea agentului terminc \u00een Capital\u0103, dup\u0103 temperaturile sc\u0103zute din ultimele zile, Nicu\u0219or Dan a r\u0103spuns: \u201dDa, a \u00eenceput. Deci, conform legii, \u00een momentul \u00een care avem trei nop\u0163i, \u00eencepem furnizarea agentului termic\u201d.<\/p>\n<p>\u00centrebat dac\u0103 exist\u0103 probleme \u00een Bucure\u015fti \u015fi c\u00e2te blocuri ar putea s\u0103 nu primeasc\u0103 c\u0103ldur\u0103, primarul a ar\u0103tat c\u0103 \u201dpe parcursul iernii vor fi probleme, a\u015fa cum au fost, dar vor fi ceva mai pu\u0163ine dec\u00e2t iarna trecut\u0103\u201d.<\/p>\n<p><a href=\"https:\/\/www.realitatea.net\/stiri\/actual\/pe-romani-ii-asteapta-o-iarna-grea-deja-au-inceput-sa-creasca-preturile-la-gaze-naturale_671614d8b4473a7c805b1114\" target=\"_blank\" rel=\"noopener\">Pe rom\u00e2ni \u00eei a\u0219teapt\u0103 o iarn\u0103 grea. Deja au \u00eenceput s\u0103 creasc\u0103 pre\u0163urile la gaze naturale<\/a><\/p>\n<p>\u201dAvem o ameliorare de la iarn\u0103 la iarn\u0103 \u015fi o s\u0103 mai fie probleme. \u00cen zonele \u00een care noi am schimbat (..) Anul \u0103sta, la 1 septembrie, eram la 45 de kilometri conduct\u0103 magistral\u0103 schimbat\u0103. Probabil c\u0103 p\u00e2n\u0103 la sf\u00e2r\u015fitul anului o s\u0103 fim la cei 70. \u00cen toate zonele \u00een care conducta este nou\u0103, elimin\u0103m avarii. De exemplu, pe Mihai Brav am avut anul trecut aproximativ 60 de avarii, alea nu vor mai fi, c\u0103 conducta e nou\u0103\u201d, a ar\u0103tat Nicu\u0219or Dan.<\/p>\n<p><a href=\"https:\/\/www.realitatea.net\/stiri\/actual\/incep-probele-la-cald-pentru-sezonul-2024-2025-in-capitala-ce-trebuie-sa-stie-bucurestenii_6710e5815949884a676464c2\" target=\"_blank\" rel=\"noopener\">\u00cencep probele la cald pentru sezonul 2024 &#8211; 2025, \u00een Capital\u0103. Ce trebuie s\u0103 \u0219tie bucure\u0219tenii<\/a><\/p>","protected":false},"excerpt":{"rendered":"<p>\u00centrebat c\u00e2nd va \u00eencepe furnizarea agentului terminc \u00een Capital\u0103, dup\u0103 temperaturile sc\u0103zute din ultimele zile,&hellip;<\/p>\n","protected":false},"author":0,"featured_media":565,"comment_status":"open","ping_status":"open","sticky":false,"template":"","format":"standard","meta":{"footnotes":""},"categories":[2],"tags":[],"class_list":["post-564","post","type-post","status-publish","format-standard","has-post-thumbnail","hentry","category-actual"],"_links":{"self":[{"href":"https:\/\/247stiri.ro\/index.php\/wp-json\/wp\/v2\/posts\/564","targetHints":{"allow":["GET"]}}],"collection":[{"href":"https:\/\/247stiri.ro\/index.php\/wp-json\/wp\/v2\/posts"}],"about":[{"href":"https:\/\/247stiri.ro\/index.php\/wp-json\/wp\/v2\/types\/post"}],"replies":[{"embeddable":true,"href":"https:\/\/247stiri.ro\/index.php\/wp-json\/wp\/v2\/comments?post=564"}],"version-history":[{"count":0,"href":"https:\/\/247stiri.ro\/index.php\/wp-json\/wp\/v2\/posts\/564\/revisions"}],"wp:featuredmedia":[{"embeddable":true,"href":"https:\/\/247stiri.ro\/index.php\/wp-json\/wp\/v2\/media\/565"}],"wp:attachment":[{"href":"https:\/\/247stiri.ro\/index.php\/wp-json\/wp\/v2\/media?parent=564"}],"wp:term":[{"taxonomy":"category","embeddable":true,"href":"https:\/\/247stiri.ro\/index.php\/wp-json\/wp\/v2\/categories?post=564"},{"taxonomy":"post_tag","embeddable":true,"href":"https:\/\/247stiri.ro\/index.php\/wp-json\/wp\/v2\/tags?post=564"}],"curies":[{"name":"wp","href":"https:\/\/api.w.org\/{rel}","templated":true}]}}