{"id":56422,"date":"2026-01-06T19:46:22","date_gmt":"2026-01-06T19:46:22","guid":{"rendered":"https:\/\/247stiri.ro\/index.php\/2026\/01\/06\/venezuela-acuza-uciderea-a-57-de-persoane-in-timpul-capturarii-lui-maduro-de-catre-fortele-sua\/"},"modified":"2026-01-06T19:46:22","modified_gmt":"2026-01-06T19:46:22","slug":"venezuela-acuza-uciderea-a-57-de-persoane-in-timpul-capturarii-lui-maduro-de-catre-fortele-sua","status":"publish","type":"post","link":"https:\/\/247stiri.ro\/index.php\/2026\/01\/06\/venezuela-acuza-uciderea-a-57-de-persoane-in-timpul-capturarii-lui-maduro-de-catre-fortele-sua\/","title":{"rendered":"Venezuela acuz\u0103 uciderea a 57 de persoane \u00een timpul captur\u0103rii lui Maduro de c\u0103tre for\u021bele SUA"},"content":{"rendered":"<p>Opera\u021biunea militar\u0103 desf\u0103\u0219urat\u0103 s\u00e2mb\u0103t\u0103 de for\u021bele Statelor Unite la Caracas s-a soldat cu un bilan\u021b tragic, autorit\u0103\u021bile venezuelene confirm\u00e2nd moartea a 57 de persoane. Printre victime se num\u0103r\u0103 23 de solda\u021bi localnici, dou\u0103 femei civile \u0219i 32 de agen\u021bi cubanezi, a c\u0103ror prezen\u021b\u0103 \u00een aparatul de securitate al lui Nicol\u00e1s Maduro a fost, pentru prima dat\u0103, recunoscut\u0103 oficial de Havana \u00een urma acestui incident.<\/p>\n<p>Oficiosul Partidului Comunist Cubanez, Granma, a oferit detalii despre \u201erezisten\u021ba acerb\u0103\u201d opus\u0103 de lupt\u0103torii s\u0103i \u00een timpul misiunii intitulate \u201eOnoare \u0219i glorie\u201d. Lista celor uci\u0219i include ofi\u021beri cu grade superioare \u2014 colonei, maiori \u0219i locotenen\u021bi \u2014 cu v\u00e2rste cuprinse \u00eentre 26 \u0219i 67 de ani. Pre\u0219edintele Miguel D\u00edaz-Canel a declarat doliu na\u021bional \u00een Cuba, afirm\u00e2nd c\u0103 ace\u0219tia \u0219i-au pierdut via\u021ba \u00een lupt\u0103 direct\u0103 sau \u00een urma bombardamentelor care au vizat complexul preziden\u021bial \u00een momentul captur\u0103rii lui Maduro \u0219i a so\u021biei sale, Cilia Flores.<\/p>\n<p>Acest eveniment scoate la lumin\u0103 o realitate b\u0103nuit\u0103 de decenii: implicarea direct\u0103 a serviciilor de informa\u021bii cubaneze \u00een protejarea regimului de la Caracas. De\u0219i acordul de cooperare semnat \u00een anul 2000 viza oficial doar domenii precum s\u0103n\u0103tatea sau educa\u021bia, recunoa\u0219terea misiunilor \u00eendeplinite de Ministerul de Interne cubanez \u00een Venezuela marcheaz\u0103 o schimbare de paradigm\u0103 \u00een rela\u021bia dintre cei doi alia\u021bi, transform\u00e2nd un \u201esecret cunoscut de toat\u0103 lumea\u201d \u00eentr-o confirmare oficial\u0103.<\/p>","protected":false},"excerpt":{"rendered":"<p>Opera\u021biunea militar\u0103 desf\u0103\u0219urat\u0103 s\u00e2mb\u0103t\u0103 de for\u021bele Statelor Unite la Caracas s-a soldat cu un bilan\u021b&hellip;<\/p>\n","protected":false},"author":0,"featured_media":56413,"comment_status":"open","ping_status":"open","sticky":false,"template":"","format":"standard","meta":{"footnotes":""},"categories":[2],"tags":[],"class_list":["post-56422","post","type-post","status-publish","format-standard","has-post-thumbnail","hentry","category-actual"],"_links":{"self":[{"href":"https:\/\/247stiri.ro\/index.php\/wp-json\/wp\/v2\/posts\/56422","targetHints":{"allow":["GET"]}}],"collection":[{"href":"https:\/\/247stiri.ro\/index.php\/wp-json\/wp\/v2\/posts"}],"about":[{"href":"https:\/\/247stiri.ro\/index.php\/wp-json\/wp\/v2\/types\/post"}],"replies":[{"embeddable":true,"href":"https:\/\/247stiri.ro\/index.php\/wp-json\/wp\/v2\/comments?post=56422"}],"version-history":[{"count":0,"href":"https:\/\/247stiri.ro\/index.php\/wp-json\/wp\/v2\/posts\/56422\/revisions"}],"wp:featuredmedia":[{"embeddable":true,"href":"https:\/\/247stiri.ro\/index.php\/wp-json\/wp\/v2\/media\/56413"}],"wp:attachment":[{"href":"https:\/\/247stiri.ro\/index.php\/wp-json\/wp\/v2\/media?parent=56422"}],"wp:term":[{"taxonomy":"category","embeddable":true,"href":"https:\/\/247stiri.ro\/index.php\/wp-json\/wp\/v2\/categories?post=56422"},{"taxonomy":"post_tag","embeddable":true,"href":"https:\/\/247stiri.ro\/index.php\/wp-json\/wp\/v2\/tags?post=56422"}],"curies":[{"name":"wp","href":"https:\/\/api.w.org\/{rel}","templated":true}]}}