{"id":56423,"date":"2026-01-06T19:46:22","date_gmt":"2026-01-06T19:46:22","guid":{"rendered":"https:\/\/247stiri.ro\/index.php\/2026\/01\/06\/noi-detalii-in-cazul-tanarului-de-25-de-ani-mort-intr-un-spital-din-buzau-denisa-iubita-lui-acuza-lipsa-de-empatie-si-posibile-erori-medicale\/"},"modified":"2026-01-06T19:46:22","modified_gmt":"2026-01-06T19:46:22","slug":"noi-detalii-in-cazul-tanarului-de-25-de-ani-mort-intr-un-spital-din-buzau-denisa-iubita-lui-acuza-lipsa-de-empatie-si-posibile-erori-medicale","status":"publish","type":"post","link":"https:\/\/247stiri.ro\/index.php\/2026\/01\/06\/noi-detalii-in-cazul-tanarului-de-25-de-ani-mort-intr-un-spital-din-buzau-denisa-iubita-lui-acuza-lipsa-de-empatie-si-posibile-erori-medicale\/","title":{"rendered":"Noi detalii \u00een cazul t\u00e2n\u0103rului de 25 de ani mort \u00eentr-un spital din Buz\u0103u. Denisa, iubita lui, acuz\u0103 lips\u0103 de empatie \u0219i posibile erori medicale"},"content":{"rendered":"<p>Partenera sa, Denisa, a f\u0103cut publice detalii despre ultimele zile petrecute de acesta \u00een spital, acuz\u00e2nd personalul medical de indiferen\u021b\u0103 \u0219i neglijen\u021b\u0103, arat\u0103 news.ro.<\/p>\n<p>Gabriel a suferit un accident rutier<\/p>\n<p><a href=\"https:\/\/www.realitatea.net\/stiri\/actual\/revolta-la-spitalul-judetean-buzau-zeci-de-oameni-cer-dreptate-dupa-moartea-suspecta-a-unui-tanar-video_695d19d5e54ee96c63342865\" target=\"_blank\">Potrivit declara\u021biilor tinerei<\/a>, Gabriel a ajuns la unitatea medical\u0103 cu o fractur\u0103 de femur, diagnostic care i-a fost prezentat drept singura problem\u0103 serioas\u0103. Aceasta sus\u021bine c\u0103 a \u00eentrebat \u00een mod repetat dac\u0103 starea lui impunea transferul la un spital din Bucure\u0219ti, \u00eens\u0103 medicii ar fi considerat c\u0103 nu exist\u0103 motive care s\u0103 justifice o astfel de decizie.<\/p>\n<p>\u00cen primele zile de internare, starea pacientului p\u0103rea stabil\u0103, iar medicii ar fi discutat despre o interven\u021bie chirurgical\u0103 urmat\u0103 de o perioad\u0103 de recuperare. T\u00e2n\u0103ra afirm\u0103 c\u0103 i s-a comunicat c\u0103 spitalizarea urma s\u0103 dureze aproximativ zece zile, timp \u00een care opera\u021bia ar fi fost efectuat\u0103, iar ulterior urma reabilitarea. \u00cen plan personal, cei doi se preg\u0103teau pentru c\u0103s\u0103torie \u00een acest an.<\/p>\n<p>Totul s-ar fi schimbat brusc chiar \u00een diminea\u021ba \u00een care era programat\u0103 interven\u021bia chirurgical\u0103. Denisa sus\u021bine c\u0103, atunci c\u00e2nd a intrat \u00een salon, l-a g\u0103sit pe Gabriel \u00eentr-o stare grav\u0103, cu simptome evidente de suferin\u021b\u0103. Acesta acuza dificult\u0103\u021bi de respira\u021bie \u0219i avea o stare general\u0103 sever alterat\u0103.<\/p>\n<p>\u201eC\u00e2nd am intrat \u00een salon, am v\u0103zut un om pe moarte. Era galben, rece, transpirat, spunea c\u0103 nu poate s\u0103 respire. Am strigat dup\u0103 ajutor. Mi s-a spus c\u0103 este un atac de panic\u0103. Nu avea cum. Era cel mai puternic b\u0103rbat pe care l-am cunoscut\u201d, a mai spus t\u00e2n\u0103ra.<\/p>\n<p>T\u00e2n\u0103ra spune c\u0103 a cerut ajutor personalului medical, \u00eens\u0103 ar fi primit ca explica\u021bie faptul c\u0103 t\u00e2n\u0103rul sufer\u0103 un atac de panic\u0103, ipotez\u0103 pe care o respinge categoric. Ea sus\u021bine c\u0103 starea lui nu avea leg\u0103tur\u0103 cu anxietatea, ci indica o problem\u0103 medical\u0103 mult mai grav\u0103.<\/p>\n<p>Un alt aspect extrem de sensibil semnalat de Denisa este presupunerea, vehiculat\u0103 \u00een spital, c\u0103 pacientul s-ar fi aflat \u00een sevraj. Aceasta neag\u0103 ferm aceast\u0103 variant\u0103, afirm\u00e2nd c\u0103 Gabriel nu ar fi consumat niciodat\u0103 substan\u021be interzise. Potrivit tinerei, \u00een ciuda insisten\u021belor sale, nu ar fi fost luate m\u0103suri medicale urgente.<\/p>\n<p>\u00cen prezent, circumstan\u021bele exacte ale decesului urmeaz\u0103 s\u0103 fie stabilite \u00een urma necropsiei \u0219i a<a href=\"https:\/\/www.realitatea.net\/stiri\/actual\/trei-persoane-au-fost-ranite-la-buzau-un-tanar-de-25-de-ani-in-stare-grava-dupa-explozia-unei-petarde_6957b5eeab6307773309bcf2\" target=\"_blank\"> investiga\u021biilor demarate de autorit\u0103\u021bi.<\/a><\/p>","protected":false},"excerpt":{"rendered":"<p>Partenera sa, Denisa, a f\u0103cut publice detalii despre ultimele zile petrecute de acesta \u00een spital,&hellip;<\/p>\n","protected":false},"author":0,"featured_media":56424,"comment_status":"open","ping_status":"open","sticky":false,"template":"","format":"standard","meta":{"footnotes":""},"categories":[2],"tags":[],"class_list":["post-56423","post","type-post","status-publish","format-standard","has-post-thumbnail","hentry","category-actual"],"_links":{"self":[{"href":"https:\/\/247stiri.ro\/index.php\/wp-json\/wp\/v2\/posts\/56423","targetHints":{"allow":["GET"]}}],"collection":[{"href":"https:\/\/247stiri.ro\/index.php\/wp-json\/wp\/v2\/posts"}],"about":[{"href":"https:\/\/247stiri.ro\/index.php\/wp-json\/wp\/v2\/types\/post"}],"replies":[{"embeddable":true,"href":"https:\/\/247stiri.ro\/index.php\/wp-json\/wp\/v2\/comments?post=56423"}],"version-history":[{"count":0,"href":"https:\/\/247stiri.ro\/index.php\/wp-json\/wp\/v2\/posts\/56423\/revisions"}],"wp:featuredmedia":[{"embeddable":true,"href":"https:\/\/247stiri.ro\/index.php\/wp-json\/wp\/v2\/media\/56424"}],"wp:attachment":[{"href":"https:\/\/247stiri.ro\/index.php\/wp-json\/wp\/v2\/media?parent=56423"}],"wp:term":[{"taxonomy":"category","embeddable":true,"href":"https:\/\/247stiri.ro\/index.php\/wp-json\/wp\/v2\/categories?post=56423"},{"taxonomy":"post_tag","embeddable":true,"href":"https:\/\/247stiri.ro\/index.php\/wp-json\/wp\/v2\/tags?post=56423"}],"curies":[{"name":"wp","href":"https:\/\/api.w.org\/{rel}","templated":true}]}}