{"id":56481,"date":"2026-01-07T06:45:32","date_gmt":"2026-01-07T06:45:32","guid":{"rendered":"https:\/\/247stiri.ro\/index.php\/2026\/01\/07\/taierea-primei-zile-de-concediu-medical-loveste-pacientii-cronici-si-oncologici-scrisoare-deschisa-catre-bolojan-nu-e-o-corectie-e-painea-pe-o-saptamana\/"},"modified":"2026-01-07T06:45:32","modified_gmt":"2026-01-07T06:45:32","slug":"taierea-primei-zile-de-concediu-medical-loveste-pacientii-cronici-si-oncologici-scrisoare-deschisa-catre-bolojan-nu-e-o-corectie-e-painea-pe-o-saptamana","status":"publish","type":"post","link":"https:\/\/247stiri.ro\/index.php\/2026\/01\/07\/taierea-primei-zile-de-concediu-medical-loveste-pacientii-cronici-si-oncologici-scrisoare-deschisa-catre-bolojan-nu-e-o-corectie-e-painea-pe-o-saptamana\/","title":{"rendered":"T\u0103ierea primei zile de concediu medical love\u0219te pacien\u021bii cronici \u0219i oncologici. Scrisoare deschis\u0103 c\u0103tre Bolojan: \u201eNu e o corec\u021bie, e p\u00e2inea pe o s\u0103pt\u0103m\u00e2n\u0103\u201d"},"content":{"rendered":"<p>APCR solicit\u0103, \u00eentr-o scrisoare deschis\u0103 adresat\u0103 premierului Ilie Bolojan, exceptarea pacien\u0163ilor cronici \u015fi oncologici din programele na\u0163ionale de la aceast\u0103 m\u0103sur\u0103, o abordare diferen\u0163iat\u0103, bazat\u0103 pe criterii medicale \u015fi sociale, dialog real cu organiza\u0163iile de pacien\u0163i \u00eenainte de adoptarea unor decizii cu impact profund uman.<\/p>\n<p>&#8222;V\u0103 scriu \u00een numele pacien\u0163ilor cronici din Rom\u00e2nia &#8211; oameni care nu cer privilegii, ci respect, demnitate \u015fi echitate. Decizia Guvernului de a nu mai pl\u0103ti prima zi de concediu medical, justificat\u0103 prin dorin\u0163a de a combate concediile medicale fictive, love\u015fte nediferen\u0163iat \u015fi nedrept exact \u00een cei mai vulnerabili dintre cet\u0103\u0163eni: pacien\u0163ii oncologici, pacien\u0163ii cu boli cronice grave, pacien\u0163ii inclu\u015fi \u00een programele na\u0163ionale de s\u0103n\u0103tate. Ace\u015fti oameni nu sunt &#8216;suspec\u0163i&#8217;, nu sunt &#8216;oportuni\u015fti&#8217;, nu sunt &#8216;statistici&#8217;, sunt pacien\u0163i cu diagnostice clare, documentate \u015fi monitorizate de statul rom\u00e2n, care se lupt\u0103 zilnic nu doar cu boala, ci \u015fi cu limitele financiare impuse de aceasta&#8221;, se arat\u0103 \u00een <a href=\"https:\/\/www.facebook.com\/aliantapacientilorcronici\" target=\"_blank\">scrisoarea<\/a> semnat\u0103 de pre\u015fedintele APCR, Cezar Irimia.<\/p>\n<p>Pre\u0219edintele APCR se \u00eentreab\u0103 de ce &#8222;sunt sanc\u0163iona\u0163i colectiv cei care sunt deja \u00een eviden\u0163a sistemului, \u00een timp ce problema real\u0103 &#8211; controlul \u015fi sanc\u0163ionarea abuzurilor punctuale &#8211; r\u0103m\u00e2ne nerezolvat\u0103&#8221;.<\/p>\n<p><a href=\"https:\/\/www.realitatea.net\/stiri\/actual\/motivele-pentru-care-prima-zi-de-concediu-medical-a-fost-taiata-de-la-plata-explicate-de-ministrul-sanatatii_695adcc3febdea52900ff7f4\" target=\"_blank\">Motivele pentru care prima zi de concediu medical a fost t\u0103iat\u0103 de la plat\u0103, explicate de ministrul S\u0103n\u0103t\u0103\u021bii<\/a><\/p>\n<p>&#8222;Pentru un pacient oncologic, pentru un bolnav cronic aflat \u00een tratament continuu, o zi de concediu medical nepl\u0103tit\u0103 nu este o corec\u0163ie administrativ\u0103. Este p\u00e2inea pe o s\u0103pt\u0103m\u00e2n\u0103. Este un medicament am\u00e2nat. Este o factur\u0103 neachitat\u0103. Este o umilin\u0163\u0103 \u00een plus, peste suferin\u0163a deja existent\u0103. V\u0103 \u00eentreb\u0103m deschis \u015fi onest: De ce trebuie s\u0103 pl\u0103teasc\u0103 pacientul cinstit pentru gre\u015felile altora? De ce sunt sanc\u0163iona\u0163i colectiv cei care sunt deja \u00een eviden\u0163a sistemului, \u00een timp ce problema real\u0103 &#8211; controlul \u015fi sanc\u0163ionarea abuzurilor punctuale &#8211; r\u0103m\u00e2ne nerezolvat\u0103? Combaterea fraudei nu se face prin pedepsirea bolnavilor reali, iar un stat responsabil \u00eei protejeaz\u0103 pe cei slabi \u015fi \u00eei sanc\u0163ioneaz\u0103 pe cei care tri\u015feaz\u0103, nu inverseaz\u0103 povara&#8221;, a arat\u0103 acesta.<\/p>\n<p><a href=\"https:\/\/www.realitatea.net\/stiri\/actual\/bolojan-are-probleme-din-nou-ordonanta-care-taie-o-zi-de-concediu-medical-este-neconstitutionala_69554f0d7f4f1922ad266d72\" target=\"_blank\">Bolojan are probleme din nou. Ordonan\u021ba care taie o zi de concediu medical este neconstitu\u021bional\u0103<\/a><\/p>\n<p>APCR men\u0163ioneaz\u0103 c\u0103 &#8222;politicile publice nu sunt doar cifre \u015fi bugete, ci ar trebui sa fie despre \u015fi pentru oameni&#8221;.<\/p>\n<p>&#8222;Un stat care \u00ee\u015fi pedepse\u015fte bolnavii pentru a-\u015fi corecta disfunc\u0163iile interne nu este un stat puternic, ci unul care \u00ee\u015fi abandoneaz\u0103 cet\u0103\u0163enii exact atunci c\u00e2nd au mai mare nevoie de protec\u0163ie&#8221;, se \u00eencheie scrisoarea, semnat\u0103 cu speran\u0163a c\u0103 &#8222;nedreptatea va fi corectat\u0103&#8221;, a mai transmis pre\u0219edintele APCR, \u00een scrisoarea postat\u0103 pe Facebook.<\/p>","protected":false},"excerpt":{"rendered":"<p>APCR solicit\u0103, \u00eentr-o scrisoare deschis\u0103 adresat\u0103 premierului Ilie Bolojan, exceptarea pacien\u0163ilor cronici \u015fi oncologici din&hellip;<\/p>\n","protected":false},"author":0,"featured_media":56482,"comment_status":"open","ping_status":"open","sticky":false,"template":"","format":"standard","meta":{"footnotes":""},"categories":[2],"tags":[],"class_list":["post-56481","post","type-post","status-publish","format-standard","has-post-thumbnail","hentry","category-actual"],"_links":{"self":[{"href":"https:\/\/247stiri.ro\/index.php\/wp-json\/wp\/v2\/posts\/56481","targetHints":{"allow":["GET"]}}],"collection":[{"href":"https:\/\/247stiri.ro\/index.php\/wp-json\/wp\/v2\/posts"}],"about":[{"href":"https:\/\/247stiri.ro\/index.php\/wp-json\/wp\/v2\/types\/post"}],"replies":[{"embeddable":true,"href":"https:\/\/247stiri.ro\/index.php\/wp-json\/wp\/v2\/comments?post=56481"}],"version-history":[{"count":0,"href":"https:\/\/247stiri.ro\/index.php\/wp-json\/wp\/v2\/posts\/56481\/revisions"}],"wp:featuredmedia":[{"embeddable":true,"href":"https:\/\/247stiri.ro\/index.php\/wp-json\/wp\/v2\/media\/56482"}],"wp:attachment":[{"href":"https:\/\/247stiri.ro\/index.php\/wp-json\/wp\/v2\/media?parent=56481"}],"wp:term":[{"taxonomy":"category","embeddable":true,"href":"https:\/\/247stiri.ro\/index.php\/wp-json\/wp\/v2\/categories?post=56481"},{"taxonomy":"post_tag","embeddable":true,"href":"https:\/\/247stiri.ro\/index.php\/wp-json\/wp\/v2\/tags?post=56481"}],"curies":[{"name":"wp","href":"https:\/\/api.w.org\/{rel}","templated":true}]}}