{"id":5649,"date":"2024-11-08T09:44:48","date_gmt":"2024-11-08T09:44:48","guid":{"rendered":"https:\/\/247stiri.ro\/index.php\/2024\/11\/08\/planul-modificarii-vremii-cum-se-produc-ploile-artificiale-climatolog-roman-tragediile-climatice-nu-pot-fi-evitate-si-vor-deveni-tot-mai-frecvente-si-mai-intense\/"},"modified":"2024-11-08T09:44:48","modified_gmt":"2024-11-08T09:44:48","slug":"planul-modificarii-vremii-cum-se-produc-ploile-artificiale-climatolog-roman-tragediile-climatice-nu-pot-fi-evitate-si-vor-deveni-tot-mai-frecvente-si-mai-intense","status":"publish","type":"post","link":"https:\/\/247stiri.ro\/index.php\/2024\/11\/08\/planul-modificarii-vremii-cum-se-produc-ploile-artificiale-climatolog-roman-tragediile-climatice-nu-pot-fi-evitate-si-vor-deveni-tot-mai-frecvente-si-mai-intense\/","title":{"rendered":"Planul modific\u0103rii vremii. Cum se produc ploile artificiale &#8211; climatolog rom\u00e2n: Tragediile climatice NU pot fi evitate \u0219i vor deveni tot mai frecvente \u0219i mai intense"},"content":{"rendered":"<p>\u201e\u00cen niciun caz nu pot provoca astfel de inunda\u021bii cum au fost cele din Spania, din zona Valencia, pentru c\u0103 vorbim aici de \u00eens\u0103m\u00e2n\u021b\u0103ri ale norilor, \u00eens\u0103m\u00e2n\u021b\u0103ri locale, ci norii aceia nu au fost crea\u021bi de om, norii aceia care sunt \u00eens\u0103m\u00e2n\u021ba\u021bi exist\u0103 acolo prin metodele naturale, adic\u0103 prin circula\u021bia general\u0103 a atmosferei, prin fenomene naturale, nu po\u021bi s\u0103 faci ploaie din nimic.<\/p>\n<p>A\u0219a c\u0103, nu e vorba de o influen\u021b\u0103 climatic\u0103, e vorba de influen\u021be locale, pe de o parte, pe de alt\u0103 parte, omul nu ar avea la \u00eendem\u00e2n\u0103 energia necesar\u0103 s\u0103 transporte vapori de ap\u0103 care s\u0103 ajung\u0103 s\u0103 se dezvolte nori \u0219i abia apoi s\u0103 intervin\u0103 acest moment de \u00eens\u0103m\u00e2n\u021bare. Ceea ce s-a \u00eent\u00e2mplat \u00een Maroc este tot un fenomen natural, e vorba de o deplasare spre nord a unei zone de interconvergen\u021b\u0103 tropical\u0103 \u0219i \u00een deplasarea aceast\u0103 spre nord s-au deplasat inclusiv mase de aer cald cu foarte mul\u021bi vapori de ap\u0103\u201d, a declarat Roxana Bojariu.<\/p>\n<p>\u00centrebat de situa\u021bia climei din Rom\u00e2nia, climatologul Mircea Du\u021bu a avertizat faptul c\u0103 tragediile climatice nu pot fi evitate \u0219i c\u0103 vor deveni din ce \u00een ce mai frecvente \u0219i mai intense, singura solu\u021bie fiind faptul de a fi rezilien\u021bi \u0219i de a ne adapta la consecin\u021bele schimb\u0103rilor climatice. Acesta a mai remarcat faptul c\u0103 valurile de c\u0103ldur\u0103, seceta \u0219i inunda\u021biile sunt fenomenele extreme care caracterizeaz\u0103 Rom\u00e2nia \u00een contextul schimb\u0103rii climatice.<\/p>\n<p>\u201eDin p\u0103cate, nu pot s\u0103 fie evitate, dimpotriv\u0103 ele vor deveni din ce \u00een ce mai frecvente \u0219i mai intense \u0219i singura solu\u021bie este s\u0103 devenim c\u00e2t mai rezilien\u021bi \u0219i s\u0103 ne adapt\u0103m la consecin\u021bele schimb\u0103rilor climatice. Trebuie s\u0103 remarc\u0103m faptul c\u0103 valurile de c\u0103ldur\u0103, seceta \u0219i inunda\u021biile sunt fenomenele extreme care caracterizeaz\u0103 Rom\u00e2nia \u00een contextul schimb\u0103rii climatice.<\/p>\n<p>Mai mult dec\u00e2t at\u00e2t a\u0219 vrea s\u0103 relev c\u0103 ceea ce s-a \u00eent\u00e2mplat la noi \u00een privin\u021ba furtunii Boris a urmat un scenariu foarte asem\u0103n\u0103tor cu ceea ce s-a \u00eent\u00e2mplat acum \u00een Spania, respectiv acel fenomen de pic\u0103tur\u0103 rece \u00een condi\u021biile \u00een care \u00een urma unei veri deosebit de calde, ap\u0103 marii Mediterane \u0219i a marii Negre a fost deosebit de cald\u0103, cantitatea evaporat\u0103 a fost mare \u0219i \u00een contact cu o mas\u0103 de aer rece a condus la c\u0103deri importante de ploi. \u00cen privin\u021ba a ceea ce s-a \u00eent\u00e2mplat \u00een Spania avem la 31 octombrie un studiu de atribuire realizat de exper\u021bi din mai multe \u021b\u0103ri care a concluzionat c\u0103 fenomenul respectiv a fost amplificat \u0219i ploile au fost mai bogate cu cel pu\u021bin 12%, iar probabilitatea de survenire a fost mai mare de dou\u0103 ori a evenimentului Mediteranean excep\u021bional din cauza schimb\u0103rii climatice. La nivel mondial asist\u0103m mai ales pe re\u021belele sociale la o tendin\u021b\u0103 de a imputa statelor care pot \u0219i modific\u0103 \u00een mod deliberat meteorologia \u0219i clim\u0103. Din fericire, nu sunt dovedite \u0219tiin\u021bific.\u201d, a transmis Mircea Du\u021bu.<\/p>","protected":false},"excerpt":{"rendered":"<p>\u201e\u00cen niciun caz nu pot provoca astfel de inunda\u021bii cum au fost cele din Spania,&hellip;<\/p>\n","protected":false},"author":0,"featured_media":5650,"comment_status":"open","ping_status":"open","sticky":false,"template":"","format":"standard","meta":{"footnotes":""},"categories":[2],"tags":[],"class_list":["post-5649","post","type-post","status-publish","format-standard","has-post-thumbnail","hentry","category-actual"],"_links":{"self":[{"href":"https:\/\/247stiri.ro\/index.php\/wp-json\/wp\/v2\/posts\/5649","targetHints":{"allow":["GET"]}}],"collection":[{"href":"https:\/\/247stiri.ro\/index.php\/wp-json\/wp\/v2\/posts"}],"about":[{"href":"https:\/\/247stiri.ro\/index.php\/wp-json\/wp\/v2\/types\/post"}],"replies":[{"embeddable":true,"href":"https:\/\/247stiri.ro\/index.php\/wp-json\/wp\/v2\/comments?post=5649"}],"version-history":[{"count":0,"href":"https:\/\/247stiri.ro\/index.php\/wp-json\/wp\/v2\/posts\/5649\/revisions"}],"wp:featuredmedia":[{"embeddable":true,"href":"https:\/\/247stiri.ro\/index.php\/wp-json\/wp\/v2\/media\/5650"}],"wp:attachment":[{"href":"https:\/\/247stiri.ro\/index.php\/wp-json\/wp\/v2\/media?parent=5649"}],"wp:term":[{"taxonomy":"category","embeddable":true,"href":"https:\/\/247stiri.ro\/index.php\/wp-json\/wp\/v2\/categories?post=5649"},{"taxonomy":"post_tag","embeddable":true,"href":"https:\/\/247stiri.ro\/index.php\/wp-json\/wp\/v2\/tags?post=5649"}],"curies":[{"name":"wp","href":"https:\/\/api.w.org\/{rel}","templated":true}]}}