{"id":56515,"date":"2026-01-07T07:44:59","date_gmt":"2026-01-07T07:44:59","guid":{"rendered":"https:\/\/247stiri.ro\/index.php\/2026\/01\/07\/anca-alexandrescu-atac-dur-la-adresa-lui-nicusor-dan-in-lume-se-schimba-noua-ordine-mondiala-noi-suntem-pierduti\/"},"modified":"2026-01-07T07:44:59","modified_gmt":"2026-01-07T07:44:59","slug":"anca-alexandrescu-atac-dur-la-adresa-lui-nicusor-dan-in-lume-se-schimba-noua-ordine-mondiala-noi-suntem-pierduti","status":"publish","type":"post","link":"https:\/\/247stiri.ro\/index.php\/2026\/01\/07\/anca-alexandrescu-atac-dur-la-adresa-lui-nicusor-dan-in-lume-se-schimba-noua-ordine-mondiala-noi-suntem-pierduti\/","title":{"rendered":"Anca Alexandrescu atac dur la adresa lui Nicu\u0219or Dan: \u201e\u00cen lume se schimb\u0103 noua ordine mondial\u0103. Noi suntem pierdu\u021bi\u201d"},"content":{"rendered":"<p>&#8222;Cred c\u0103 pre\u0219edintele este deconectat de ce se \u00eent\u00e2mpl\u0103 \u00een Rom\u00e2nia de c\u00e2nd este pre\u0219edinte. Adic\u0103 el pare c\u0103 tr\u0103ie\u0219te \u00eentr-o alt\u0103 Rom\u00e2nie, alta dec\u00e2t cea \u00een care tr\u0103im noi to\u021bi ceilal\u021bi. De altfel \u0219i starea lui de spirit arat\u0103 lucrul acesta. Modul cum se hlize\u0219te, modul cum se comport\u0103 \u00een fa\u021ba jurnali\u0219tilor c\u00e2nd \u021bara este \u00eentr-o situa\u021bie dramatic\u0103, \u00een condi\u021biile \u00een care c\u00e2nd oamenii pl\u00e2ng, sunt dispera\u021bi pentru taxele \u0219i impozitele cu care sunt efectiv sf\u00e2\u0219ia\u021bi de c\u0103tre conducerea \u021b\u0103rii, Nicu\u0219or Dan face b\u0103\u0219c\u0103lie cu presa care este \u00eengenunchiat\u0103 \u00een fa\u021ba lui, pentru c\u0103 altfel nu pot s\u0103-mi explic \u00eentreb\u0103rile t\u00e2mpe care au fost spuse de c\u0103tre a\u0219a zi\u0219ii \u0219i jurnali\u0219ti care \u00eel \u00eenso\u021besc.<\/p>\n<p>Vedem cum se schimb\u0103 ordinea mondial\u0103, iar \u00een Rom\u00e2nia Nicu\u0219or \u0219i Bolojan se bat \u00een comisii s\u0103 pun\u0103 m\u00e2na pe Justi\u021bie \u0219i Nicu\u0219or vine \u0219i spune \u00een fa\u021ba jurnalistilor c\u0103 nu \u0219i-a revenit nici acum dup\u0103 noaptea de Revelion, c\u0103 a primit m\u00e2nu\u0219i \u0219i \u0219osete.<\/p>\n<p>Voi v\u0103 da\u021bi seama ce b\u0103taie de joc tr\u0103ie\u0219te Rom\u00e2nia, ce tr\u0103iesc rom\u00e2nii ast\u0103zi?\u00a0\u00cen lume se schimb\u0103 noua ordine mondial\u0103. Este foarte clar. Noi suntem pierdu\u021bi&#8221;, a declarat Anca Alexandrescu.\u00a0<\/p>","protected":false},"excerpt":{"rendered":"<p>&#8222;Cred c\u0103 pre\u0219edintele este deconectat de ce se \u00eent\u00e2mpl\u0103 \u00een Rom\u00e2nia de c\u00e2nd este pre\u0219edinte.&hellip;<\/p>\n","protected":false},"author":0,"featured_media":56516,"comment_status":"open","ping_status":"open","sticky":false,"template":"","format":"standard","meta":{"footnotes":""},"categories":[3],"tags":[],"class_list":["post-56515","post","type-post","status-publish","format-standard","has-post-thumbnail","hentry","category-politica"],"_links":{"self":[{"href":"https:\/\/247stiri.ro\/index.php\/wp-json\/wp\/v2\/posts\/56515","targetHints":{"allow":["GET"]}}],"collection":[{"href":"https:\/\/247stiri.ro\/index.php\/wp-json\/wp\/v2\/posts"}],"about":[{"href":"https:\/\/247stiri.ro\/index.php\/wp-json\/wp\/v2\/types\/post"}],"replies":[{"embeddable":true,"href":"https:\/\/247stiri.ro\/index.php\/wp-json\/wp\/v2\/comments?post=56515"}],"version-history":[{"count":0,"href":"https:\/\/247stiri.ro\/index.php\/wp-json\/wp\/v2\/posts\/56515\/revisions"}],"wp:featuredmedia":[{"embeddable":true,"href":"https:\/\/247stiri.ro\/index.php\/wp-json\/wp\/v2\/media\/56516"}],"wp:attachment":[{"href":"https:\/\/247stiri.ro\/index.php\/wp-json\/wp\/v2\/media?parent=56515"}],"wp:term":[{"taxonomy":"category","embeddable":true,"href":"https:\/\/247stiri.ro\/index.php\/wp-json\/wp\/v2\/categories?post=56515"},{"taxonomy":"post_tag","embeddable":true,"href":"https:\/\/247stiri.ro\/index.php\/wp-json\/wp\/v2\/tags?post=56515"}],"curies":[{"name":"wp","href":"https:\/\/api.w.org\/{rel}","templated":true}]}}