{"id":56523,"date":"2026-01-07T07:45:03","date_gmt":"2026-01-07T07:45:03","guid":{"rendered":"https:\/\/247stiri.ro\/index.php\/2026\/01\/07\/dubla-umilinta-pentru-oradeni-fostul-primar-bolojan-i-a-pricopsit-cu-o-majorare-uriasa-de-taxe-iar-primaria-sta-cu-ghiseele-inchise-pana-la-jumatatea-lunii\/"},"modified":"2026-01-07T07:45:03","modified_gmt":"2026-01-07T07:45:03","slug":"dubla-umilinta-pentru-oradeni-fostul-primar-bolojan-i-a-pricopsit-cu-o-majorare-uriasa-de-taxe-iar-primaria-sta-cu-ghiseele-inchise-pana-la-jumatatea-lunii","status":"publish","type":"post","link":"https:\/\/247stiri.ro\/index.php\/2026\/01\/07\/dubla-umilinta-pentru-oradeni-fostul-primar-bolojan-i-a-pricopsit-cu-o-majorare-uriasa-de-taxe-iar-primaria-sta-cu-ghiseele-inchise-pana-la-jumatatea-lunii\/","title":{"rendered":"Dubl\u0103 umilin\u021b\u0103 pentru or\u0103deni. Fostul primar Bolojan i-a \u201epricopsit\u201d cu o majorare uria\u0219\u0103 de taxe, iar Prim\u0103ria st\u0103 cu ghi\u0219eele \u00eenchise p\u00e2n\u0103 la jum\u0103tatea lunii"},"content":{"rendered":"<p>\u00a0<\/p>\n<p>Ghi\u0219eele Direc\u021biei de Taxe \u0219i Impozite din cadrul Prim\u0103riei Oradea r\u0103m\u00e2n \u00eenchise p\u00e2n\u0103 dup\u0103 s\u0103rb\u0103torile de iarn\u0103, iar plata impozitelor pe proprietate pentru anul 2026 va \u00eencepe abia pe 15 ianuarie.<\/p>\n<p>\u201e\u00cencep\u00e2nd cu 15 ianuarie 2026, va fi reluat\u0103 colectarea tuturor impozitelor \u0219i taxelor datorate c\u0103tre bugetul local, inclusiv impozite pe cl\u0103diri, terenuri \u0219i autovehicule aferente anului 2026\u201d, se men\u021bioneaz\u0103 \u00een informarea municipalit\u0103\u021bii.<\/p>\n<p>Municipalitatea a transmis c\u0103, la fel ca \u00een fiecare an, colectarea datoriilor fiscale se reia etapizat.<\/p>\n<p>\u201eDin 5 ianuarie 2026 se vor colecta doar taxele f\u0103r\u0103 debit (amenzi de circula\u021bie sau parcare, tax\u0103 judiciar\u0103 de timbru, avize) la ghi\u0219eele 21\u201327 din Centrul de rela\u021bii cu publicul, la unit\u0103\u021bile Direc\u021biei de Po\u0219t\u0103 sau prin unit\u0103\u021bile CEC\u201d, a anun\u021bat Prim\u0103ria Oradea.<\/p>\n<p>Potrivit publica\u021biei locale <a href=\"https:\/\/www.ebihoreanul.ro\/stiri\/inchis-ghiseele-de-plata-a-taxelor-si-impozitelor-din-primaria-oradea-se-vor-deschide-pe-15-ianuarie-198787.html\" target=\"_blank\">BIHOREANUL,<\/a> impozitele pe apartamentele or\u0103denilor vor fi, \u00een 2026, cu 80% mai mari dec\u00e2t \u00een 2025 \u2014 una dintre cele mai abrupte cre\u0219teri din \u021bar\u0103.<\/p>\n<p>\u00a0<\/p>","protected":false},"excerpt":{"rendered":"<p>\u00a0 Ghi\u0219eele Direc\u021biei de Taxe \u0219i Impozite din cadrul Prim\u0103riei Oradea r\u0103m\u00e2n \u00eenchise p\u00e2n\u0103 dup\u0103&hellip;<\/p>\n","protected":false},"author":0,"featured_media":56524,"comment_status":"open","ping_status":"open","sticky":false,"template":"","format":"standard","meta":{"footnotes":""},"categories":[2],"tags":[],"class_list":["post-56523","post","type-post","status-publish","format-standard","has-post-thumbnail","hentry","category-actual"],"_links":{"self":[{"href":"https:\/\/247stiri.ro\/index.php\/wp-json\/wp\/v2\/posts\/56523","targetHints":{"allow":["GET"]}}],"collection":[{"href":"https:\/\/247stiri.ro\/index.php\/wp-json\/wp\/v2\/posts"}],"about":[{"href":"https:\/\/247stiri.ro\/index.php\/wp-json\/wp\/v2\/types\/post"}],"replies":[{"embeddable":true,"href":"https:\/\/247stiri.ro\/index.php\/wp-json\/wp\/v2\/comments?post=56523"}],"version-history":[{"count":0,"href":"https:\/\/247stiri.ro\/index.php\/wp-json\/wp\/v2\/posts\/56523\/revisions"}],"wp:featuredmedia":[{"embeddable":true,"href":"https:\/\/247stiri.ro\/index.php\/wp-json\/wp\/v2\/media\/56524"}],"wp:attachment":[{"href":"https:\/\/247stiri.ro\/index.php\/wp-json\/wp\/v2\/media?parent=56523"}],"wp:term":[{"taxonomy":"category","embeddable":true,"href":"https:\/\/247stiri.ro\/index.php\/wp-json\/wp\/v2\/categories?post=56523"},{"taxonomy":"post_tag","embeddable":true,"href":"https:\/\/247stiri.ro\/index.php\/wp-json\/wp\/v2\/tags?post=56523"}],"curies":[{"name":"wp","href":"https:\/\/api.w.org\/{rel}","templated":true}]}}