{"id":5653,"date":"2024-11-08T09:44:49","date_gmt":"2024-11-08T09:44:49","guid":{"rendered":"https:\/\/247stiri.ro\/index.php\/2024\/11\/08\/de-ce-miercuri-si-vineri-sunt-zile-de-post-ce-spune-religia-despre-aceste-zile\/"},"modified":"2024-11-08T09:44:49","modified_gmt":"2024-11-08T09:44:49","slug":"de-ce-miercuri-si-vineri-sunt-zile-de-post-ce-spune-religia-despre-aceste-zile","status":"publish","type":"post","link":"https:\/\/247stiri.ro\/index.php\/2024\/11\/08\/de-ce-miercuri-si-vineri-sunt-zile-de-post-ce-spune-religia-despre-aceste-zile\/","title":{"rendered":"De ce miercuri \u0219i vineri sunt zile de post. Ce spune religia despre aceste zile"},"content":{"rendered":"<p>Men\u0163iunile despre obi\u015fnuin\u0163a cre\u015ftinilor de a posti \u00een zilele de miercuri \u015fi vineri sunt foarte timpurii, aceste zile ap\u0103r\u00e2nd ca zile de postire \u00eenc\u0103 \u00een documentele primelor trei secole.<\/p>\n<p>Exigen\u0163a postirii \u00een zilele de miercuri \u015fi vineri de peste an este aceea\u015fi cu a zilelor din perioada Postului celui Mare, nefiind \u00eeng\u0103duite excep\u0163ii de la r\u00e2nduiala postirii dec\u00e2t celor grav bolnavi. \u00cen Pravilele c\u0103lug\u0103re\u015fti, adic\u0103 c\u0103r\u0163ile care r\u00e2nduiesc modul de vie\u0163uire al monahilor, postul de miercurea \u015fi vinerea este indicat ca fiind unul cu ajunare total\u0103 p\u00e2n\u0103 la ceasul al IX-lea, adic\u0103 dup\u0103 slujba Vecerniei, lu\u00e2ndu-se doar o singur\u0103 mas\u0103, seara, mas\u0103 la care se consum\u0103 mai mult hran\u0103 uscat\u0103, p\u00e2ine \u015fi ap\u0103, sau fiertur\u0103 din legume \u015fi fructe, neconsum\u00e2ndu-se nici untdelemn.<\/p>\n<p><a href=\"https:\/\/www.realitatea.net\/stiri\/actual\/importanta-sfintilor-mihail-si-gavriil_672c740dbfeb146bc734a5a3\">Importan\u021ba Sfin\u021bilor Mihail \u0219i Gavriil. Cine sunt ceila\u021bi arhangheli \u0219i ce rol au fiecare dintre ei<\/a>Miercuri a fost tr\u0103dat M\u00e2ntuitorul de c\u0103tre Apostolul Iuda<\/p>\n<p>\u00cen aceste zile nu este \u00eeng\u0103duit\u0103 s\u0103v\u00e2r\u015firea nun\u0163ilor, din pricina meselor \u00eembel\u015fugate care urmeaz\u0103 cu acest prilej.<\/p>\n<p>Exist\u0103 c\u00e2teva s\u0103pt\u0103m\u00e2ni speciale \u00een cursul anului liturgic \u00een care zilele de miercuri \u015fi vineri sunt exceptate de la post, aceste zile fiind \u00eensemnate \u00een calendarele noastre ca fiind zile cu \u201ehar\u0163i\u201d.<\/p>\n<p>Postul din ziua de miercuri reprezint\u0103 \u00eenfr\u00e2narea cre\u015ftinilor de la bunurile de hran\u0103, pentru c\u0103 \u00een ziua aceasta a fost tr\u0103dat M\u00e2ntuitorul de c\u0103tre Apostolul Iuda pentru doisprezece argin\u0163i, din aceast\u0103 zi \u00eencep\u00e2nd preg\u0103tirea M\u00e2ntuitorului pentru Patima Sa cea de bun\u0103voie. Nem\u00e2nc\u00e2nd \u00een aceast\u0103 zi dec\u00e2t hran\u0103 aspr\u0103, cre\u015ftinii voiesc s\u0103 arate prin aceasta c\u0103 nu-L v\u00e2nd pe Hristos, asemeni lui Iuda, pentru o m\u00e2ncare sau b\u0103utur\u0103 aleas\u0103, ci c\u0103 ei aleg \u00een locul m\u00e2nc\u0103rurilor \u015fi b\u0103uturilor starea nevoin\u0163ei, p\u0103timind pu\u0163in \u00eempreun\u0103 cu Hristos aici pe p\u0103m\u00e2nt, pentru a fi f\u0103cu\u0163i p\u0103rta\u015fi mesei \u00cemp\u0103r\u0103\u0163iei lui Dumnezeu, \u00een ceruri.<\/p>\n<p>Vinerea este ziua \u00een care M\u00e2ntuitorul a \u00eendurat patimile<\/p>\n<p>De asemenea, vinerea este ziua \u00een care M\u00e2ntuitorul a \u00eendurat patimile: biciuirile, scuip\u0103rile, lovirile, r\u0103stignirea pe Cruce \u015fi moartea pentru p\u0103catele noastre. Or, \u00een ziua \u00een care Hristos, \u00cemp\u0103ratul nostru, st\u0103 pe Cruce pentru p\u0103catele noastre, noi nu putem s\u0103 ne \u00eembuib\u0103m de m\u00e2nc\u0103ruri \u015fi b\u0103uturi peste m\u0103sur\u0103, ci st\u0103m \u00een priveghere \u015fi a\u015fteptare, \u00een post \u015fi rug\u0103ciune, \u015ftiind c\u0103 Jertfa lui Hristos de pe Cruce ne \u00eenvrednice\u015fte pe fiecare dintre noi de vederea cere\u015ftii Sale \u00cemp\u0103r\u0103\u0163ii.<\/p>\n<p>Postirea din zilele de miercuri \u015fi vineri are de asemenea rostul preg\u0103tirii duhovnice\u015fti a credincio\u015filor, al\u0103turi de Taina Spovedaniei, pentru primirea Sfintei \u00cemp\u0103rt\u0103\u015fanii, la Dumnezeiasca Liturghie care se s\u0103v\u00e2r\u015fe\u015fte \u00een fiecare duminic\u0103 \u015fi s\u0103rb\u0103toare.<\/p>\n<p><a href=\"https:\/\/www.realitatea.net\/stiri\/actual\/ce-semnificatie-au-numele-mihai-si-gabriel-dar-si-derivatele-acestora_672c63ba2c23d654d57356a3\">Semnifica\u021bia celor mai cunoscute prenume rom\u00e2ne\u0219ti. Ce \u00eenseamn\u0103 Mihai \u0219i Gabriel, dar \u0219i ALTE NUME. Cum \u00ee\u021bi poate influen\u021ba destinul<\/a><\/p>","protected":false},"excerpt":{"rendered":"<p>Men\u0163iunile despre obi\u015fnuin\u0163a cre\u015ftinilor de a posti \u00een zilele de miercuri \u015fi vineri sunt foarte&hellip;<\/p>\n","protected":false},"author":0,"featured_media":5637,"comment_status":"open","ping_status":"open","sticky":false,"template":"","format":"standard","meta":{"footnotes":""},"categories":[2],"tags":[],"class_list":["post-5653","post","type-post","status-publish","format-standard","has-post-thumbnail","hentry","category-actual"],"_links":{"self":[{"href":"https:\/\/247stiri.ro\/index.php\/wp-json\/wp\/v2\/posts\/5653","targetHints":{"allow":["GET"]}}],"collection":[{"href":"https:\/\/247stiri.ro\/index.php\/wp-json\/wp\/v2\/posts"}],"about":[{"href":"https:\/\/247stiri.ro\/index.php\/wp-json\/wp\/v2\/types\/post"}],"replies":[{"embeddable":true,"href":"https:\/\/247stiri.ro\/index.php\/wp-json\/wp\/v2\/comments?post=5653"}],"version-history":[{"count":0,"href":"https:\/\/247stiri.ro\/index.php\/wp-json\/wp\/v2\/posts\/5653\/revisions"}],"wp:featuredmedia":[{"embeddable":true,"href":"https:\/\/247stiri.ro\/index.php\/wp-json\/wp\/v2\/media\/5637"}],"wp:attachment":[{"href":"https:\/\/247stiri.ro\/index.php\/wp-json\/wp\/v2\/media?parent=5653"}],"wp:term":[{"taxonomy":"category","embeddable":true,"href":"https:\/\/247stiri.ro\/index.php\/wp-json\/wp\/v2\/categories?post=5653"},{"taxonomy":"post_tag","embeddable":true,"href":"https:\/\/247stiri.ro\/index.php\/wp-json\/wp\/v2\/tags?post=5653"}],"curies":[{"name":"wp","href":"https:\/\/api.w.org\/{rel}","templated":true}]}}