{"id":56538,"date":"2026-01-07T08:45:17","date_gmt":"2026-01-07T08:45:17","guid":{"rendered":"https:\/\/247stiri.ro\/index.php\/2026\/01\/07\/patronul-barului-din-elvetia-care-a-ars-de-revelion-este-un-proxenet-condamnat-in-franta-trecut-scandalos-dosare-de-proxenetism-rapire-si-frauda\/"},"modified":"2026-01-07T08:45:17","modified_gmt":"2026-01-07T08:45:17","slug":"patronul-barului-din-elvetia-care-a-ars-de-revelion-este-un-proxenet-condamnat-in-franta-trecut-scandalos-dosare-de-proxenetism-rapire-si-frauda","status":"publish","type":"post","link":"https:\/\/247stiri.ro\/index.php\/2026\/01\/07\/patronul-barului-din-elvetia-care-a-ars-de-revelion-este-un-proxenet-condamnat-in-franta-trecut-scandalos-dosare-de-proxenetism-rapire-si-frauda\/","title":{"rendered":"Patronul barului din Elve\u021bia care a ars de Revelion este un proxenet condamnat \u00een Fran\u021ba. Trecut scandalos, dosare de proxenetism, r\u0103pire \u0219i fraud\u0103"},"content":{"rendered":"<p>Presa francez\u0103 dezv\u0103luie c\u0103 b\u0103rbatul de 49 de ani are un trecut controversat, fiind condamnat \u00een 2008 pentru proxenetism \u00eentr-un caz cunoscut sub numele \u201eHot Rabbit\u201d, conform <a href=\"https:\/\/www.dailymail.co.uk\/news\/article-15437899\/Swiss-inferno-bar-owner-known-pimp-convicted-recruiting-sex-workers-massage-parlour.html?ito=push-notification&amp;ci=pKJhdI8ibT&amp;cri=Tcd0fVT-QE&amp;si=DaBONM--VMp-&amp;xi=af7f4a16-8277-4881-b9b7-bd25229de63c&amp;ai=15437899\" target=\"_blank\">Daily Mail<\/a>.<\/p>\n<p>Moretti, originar din Corsica, \u0219i so\u021bia sa, Jessica Moretti, \u00een v\u00e2rst\u0103 de 40 de ani, sunt ancheta\u021bi pentru omor din neglijen\u021b\u0103, v\u0103t\u0103mare corporal\u0103 \u0219i incendiere, dup\u0103 ce petrec\u0103re\u021bii au fost prin\u0219i \u00een fl\u0103c\u0103rile izbucnite de la artificiile montate pe sticlele de \u0219ampanie.<\/p>\n<p>Publica\u021bia Le Parisien noteaz\u0103 c\u0103 Moretti este \u201ecunoscut autorit\u0103\u021bilor pentru cazuri vechi de proxenetism \u0219i alte infrac\u021biuni grave\u201d, inclusiv r\u0103pire \u0219i sechestrare.<\/p>\n<p>Postul RTL precizeaz\u0103 c\u0103 acesta a fost \u00eencarcerat \u00een 2005, \u00een regiunea Savoie, pentru implicarea \u00een fapte de proxenetism, fraud\u0103, r\u0103pire \u0219i lipsire de libertate.<\/p>\n\n<p>Leg\u0103turi cu un salon erotic din Geneva<\/p>\n<p>Ancheta din 2008 a vizat un salon de masaj erotic din Geneva denumit \u201eHot Rabbit Rendezvous\u201d, unde Moretti ar fi recrutat tinere din Fran\u021ba pentru a lucra ca prostituate. Salonul a fost perchezi\u021bionat de poli\u021bia elve\u021bian\u0103 dup\u0103 un pont venit din Fran\u021ba.<\/p>\n<p>De\u0219i Moretti a negat acuza\u021biile, el a fost condamnat de o instan\u021b\u0103 din Annecy la 12 luni de \u00eenchisoare, dintre care opt cu suspendare, pentru \u201e\u00eencurajarea prostitu\u021biei\u201d.<\/p>\n<p>Sentin\u021ba includea \u0219i o interdic\u021bie de a administra companii \u00een Fran\u021ba, \u00eens\u0103 nu \u0219i \u00een Elve\u021bia, unde cuplul de\u021binea alte dou\u0103 localuri: \u201eLe Senso\u201d, un bar-restaurant din Crans-Montana, \u0219i \u201eLe Vieux-Chalet\u201d, un restaurant cu specific corsican din satul Lens.<\/p>\n<p>Nereguli grave privind siguran\u021ba clubului<\/p>\n<p>Tragedia de la Crans-Montana s-a produs \u00een noaptea de Anul Nou, \u00een jurul orei 1:30, dup\u0103 ce artificiile aprinse \u00een interior au incendiat materialul fonoabsorbant al tavanului. Potrivit procurorului general al cantonului Valais, B\u00e9atrice Pilloud, fl\u0103c\u0103rile s-au propagat rapid, provoc\u00e2nd un incendiu masiv.<\/p>\n<p>Primarul ora\u0219ului, Nicolas Feraud, a recunoscut c\u0103 barul \u201eLe Constellation\u201d nu mai fusese inspectat din 2019, de\u0219i legea impune verific\u0103ri anuale pentru cl\u0103dirile deschise publicului. \u201eRegret\u0103m profund \u0219i ne asum\u0103m responsabilitatea\u201d, a declarat edilul, excluz\u00e2nd \u00eens\u0103 varianta demisiei.<\/p>\n<p>40 de mor\u021bi \u0219i peste 100 de r\u0103ni\u021bi<\/p>\n<p>Poli\u021bia elve\u021bian\u0103 a confirmat c\u0103 toate cele 40 de victime au fost identificate, cea mai t\u00e2n\u0103r\u0103 dintre ele av\u00e2nd 14 ani. Alte 116 persoane au fost r\u0103nite, peste dou\u0103 treimi fiind \u00eenc\u0103 internate.<\/p>\n<p>Printre victime se num\u0103r\u0103 68 de cet\u0103\u021beni elve\u021bieni, 21 francezi, 10 italieni, dar \u0219i persoane din Serbia, Polonia, Australia, Belgia, Bosnia-Her\u021begovina, Cehia, Luxemburg, Portugalia \u0219i Republica Congo.<\/p>\n<p>Autorit\u0103\u021bile italiene au repatriat luni trupurile a cinci victime la bordul unui avion de la aeroportul Sion.<\/p>","protected":false},"excerpt":{"rendered":"<p>Presa francez\u0103 dezv\u0103luie c\u0103 b\u0103rbatul de 49 de ani are un trecut controversat, fiind condamnat&hellip;<\/p>\n","protected":false},"author":0,"featured_media":56539,"comment_status":"open","ping_status":"open","sticky":false,"template":"","format":"standard","meta":{"footnotes":""},"categories":[2],"tags":[],"class_list":["post-56538","post","type-post","status-publish","format-standard","has-post-thumbnail","hentry","category-actual"],"_links":{"self":[{"href":"https:\/\/247stiri.ro\/index.php\/wp-json\/wp\/v2\/posts\/56538","targetHints":{"allow":["GET"]}}],"collection":[{"href":"https:\/\/247stiri.ro\/index.php\/wp-json\/wp\/v2\/posts"}],"about":[{"href":"https:\/\/247stiri.ro\/index.php\/wp-json\/wp\/v2\/types\/post"}],"replies":[{"embeddable":true,"href":"https:\/\/247stiri.ro\/index.php\/wp-json\/wp\/v2\/comments?post=56538"}],"version-history":[{"count":0,"href":"https:\/\/247stiri.ro\/index.php\/wp-json\/wp\/v2\/posts\/56538\/revisions"}],"wp:featuredmedia":[{"embeddable":true,"href":"https:\/\/247stiri.ro\/index.php\/wp-json\/wp\/v2\/media\/56539"}],"wp:attachment":[{"href":"https:\/\/247stiri.ro\/index.php\/wp-json\/wp\/v2\/media?parent=56538"}],"wp:term":[{"taxonomy":"category","embeddable":true,"href":"https:\/\/247stiri.ro\/index.php\/wp-json\/wp\/v2\/categories?post=56538"},{"taxonomy":"post_tag","embeddable":true,"href":"https:\/\/247stiri.ro\/index.php\/wp-json\/wp\/v2\/tags?post=56538"}],"curies":[{"name":"wp","href":"https:\/\/api.w.org\/{rel}","templated":true}]}}