{"id":5654,"date":"2024-11-08T09:44:49","date_gmt":"2024-11-08T09:44:49","guid":{"rendered":"https:\/\/247stiri.ro\/index.php\/2024\/11\/08\/klaus-iohannis-participa-la-reuniunea-informala-a-consiliului-european-de-la-budapesta-video\/"},"modified":"2024-11-08T09:44:49","modified_gmt":"2024-11-08T09:44:49","slug":"klaus-iohannis-participa-la-reuniunea-informala-a-consiliului-european-de-la-budapesta-video","status":"publish","type":"post","link":"https:\/\/247stiri.ro\/index.php\/2024\/11\/08\/klaus-iohannis-participa-la-reuniunea-informala-a-consiliului-european-de-la-budapesta-video\/","title":{"rendered":"Klaus Iohannis particip\u0103 la reuniunea informal\u0103 a Consiliului European de la Budapesta VIDEO"},"content":{"rendered":"<p>\u00a0<\/p>\n<p>Reuniunea informal\u0103 a Consiliului European de la Budapesta va \u00eencepe la ora 11.00, ora Rom\u00e2niei.<\/p>\n<p>\u201eComunitatea Politic\u0103 European\u0103 reprezint\u0103 un format de tip interguvernamental de dialog politic \u00eentre statele europene, cu scopul cooper\u0103rii pe teme de interes comun, \u00een vederea consolid\u0103rii securit\u0103\u021bii \u015fi stabilit\u0103\u021bii pe continentul european. Summitul CPE de la Budapesta va cuprinde o sesiune plenar\u0103, \u00een care discu\u021biile se vor concentra pe provoc\u0103rile de securitate la adresa Europei, cu accent pe situa\u021bia din Ucraina, \u0219i mese rotunde \u00een cadrul c\u0103rora liderii vor aborda teme specifice de interes comun, precum migra\u021bia \u0219i securitatea economic\u0103\u201d, potrivit Administra\u021biei Preziden\u021biale.<\/p>\n<p><a href=\"https:\/\/www.realitatea.net\/stiri\/actual\/presedintele-iohannis-la-sumitul-comunitatii-politice-europene-discutii-despre-provocarile-de-securitate_672cbfca79b7356c49651893\" target=\"_blank\" rel=\"noopener\">Joi, pre\u0219edintele Klaus Iohannis a participat la Summit-ul Comunit\u0103\u021bii Politice Europene. \u00cen cadrul \u00eent\u00e2lnirii s-a discutat despre securitate, migra\u021bie \u0219i r\u0103zboiul din Ucraina.<\/a><\/p>\n<p><a href=\"https:\/\/www.realitatea.net\/stiri\/actual\/moment-stanjenitor-la-budapesta-klaus-iohannis-sa-intors-cu-spatele-la-premierul-viktor-orban-video_672cd81e4610580ddf0b1b70\" target=\"_blank\" rel=\"noopener\">Ieri, Iohannis a comis o gaf\u0103 de propor\u021bii, ignor\u00e2ndu-l pe premierul maghiar care venise s\u0103 \u00eel \u00eent\u00e2mpine<\/a><\/p>\n<p>\u00cent\u00e2mpinat joi de premierul maghiar Viktor Orban, la o reuniune politic\u0103 la Budapesta, pre\u0219edintele Klaus Iohannis i-a \u00eentors spatele gazdei \u00eent\u00e2lnirii, dup\u0103 ce a cobor\u00e2t din ma\u0219in\u0103, gestul fiind total neobi\u0219nuit \u0219i neprotocolar \u00een astfel de situa\u021bii, dovad\u0103 fiind comportamentul celorlal\u021bi lideri europeni care au ie\u0219it din ma\u0219in\u0103 cu un z\u00e2mbet larg \u0219i s-au \u00eendreptat direct spre Viktor Orban, spre deosebire de Iohannis care l-a ignorat total, c\u00e2teva secunde bune, pe premierul Ungariei.<\/p>","protected":false},"excerpt":{"rendered":"<p>\u00a0 Reuniunea informal\u0103 a Consiliului European de la Budapesta va \u00eencepe la ora 11.00, ora&hellip;<\/p>\n","protected":false},"author":0,"featured_media":5639,"comment_status":"open","ping_status":"open","sticky":false,"template":"","format":"standard","meta":{"footnotes":""},"categories":[2],"tags":[],"class_list":["post-5654","post","type-post","status-publish","format-standard","has-post-thumbnail","hentry","category-actual"],"_links":{"self":[{"href":"https:\/\/247stiri.ro\/index.php\/wp-json\/wp\/v2\/posts\/5654","targetHints":{"allow":["GET"]}}],"collection":[{"href":"https:\/\/247stiri.ro\/index.php\/wp-json\/wp\/v2\/posts"}],"about":[{"href":"https:\/\/247stiri.ro\/index.php\/wp-json\/wp\/v2\/types\/post"}],"replies":[{"embeddable":true,"href":"https:\/\/247stiri.ro\/index.php\/wp-json\/wp\/v2\/comments?post=5654"}],"version-history":[{"count":0,"href":"https:\/\/247stiri.ro\/index.php\/wp-json\/wp\/v2\/posts\/5654\/revisions"}],"wp:featuredmedia":[{"embeddable":true,"href":"https:\/\/247stiri.ro\/index.php\/wp-json\/wp\/v2\/media\/5639"}],"wp:attachment":[{"href":"https:\/\/247stiri.ro\/index.php\/wp-json\/wp\/v2\/media?parent=5654"}],"wp:term":[{"taxonomy":"category","embeddable":true,"href":"https:\/\/247stiri.ro\/index.php\/wp-json\/wp\/v2\/categories?post=5654"},{"taxonomy":"post_tag","embeddable":true,"href":"https:\/\/247stiri.ro\/index.php\/wp-json\/wp\/v2\/tags?post=5654"}],"curies":[{"name":"wp","href":"https:\/\/api.w.org\/{rel}","templated":true}]}}