{"id":56567,"date":"2026-01-07T09:45:03","date_gmt":"2026-01-07T09:45:03","guid":{"rendered":"https:\/\/247stiri.ro\/index.php\/2026\/01\/07\/makaveli-arunca-bomba-dupa-moartea-tanarului-de-25-de-ani-din-buzau-acuzatii-grave-medicii-nu-stiu-inca-de-ce-a-murit-nu-au-nicio-explicatie\/"},"modified":"2026-01-07T09:45:03","modified_gmt":"2026-01-07T09:45:03","slug":"makaveli-arunca-bomba-dupa-moartea-tanarului-de-25-de-ani-din-buzau-acuzatii-grave-medicii-nu-stiu-inca-de-ce-a-murit-nu-au-nicio-explicatie","status":"publish","type":"post","link":"https:\/\/247stiri.ro\/index.php\/2026\/01\/07\/makaveli-arunca-bomba-dupa-moartea-tanarului-de-25-de-ani-din-buzau-acuzatii-grave-medicii-nu-stiu-inca-de-ce-a-murit-nu-au-nicio-explicatie\/","title":{"rendered":"Makaveli arunc\u0103 bomba dup\u0103 moartea t\u00e2n\u0103rului de 25 de ani din Buz\u0103u. Acuza\u021bii grave: \u201eMedicii nu \u0219tiu \u00eenc\u0103 de ce a murit. Nu au nicio explica\u021bie\u201d"},"content":{"rendered":"<p>Virgil Alexandru Zidaru, cunoscut \u00een spa\u021biul public drept Makaveli, a intrat \u00een direct la Realitatea PLUS, fiind prezent la protestul masiv din fa\u021ba Spitalului Jude\u021bean de Urgen\u021b\u0103 Buz\u0103u, unde sute de oameni s-au adunat revolta\u021bi de moartea t\u00e2n\u0103rului de 25 de ani, Gabriel Bumb\u0103cea.<\/p>\n<p>Makaveli a intervenit \u00een scandalul izbucnit dup\u0103 moartea lui Gabriel Bumb\u0103cea<\/p>\n<p>Makaveli face acuza\u021bii grave la adresa conducerii spitalului \u0219i a autorit\u0103\u021bilor locale, acuzate de protestatari c\u0103 ar \u00eencerca s\u0103 ascund\u0103 adev\u0103rul despre modul \u00een care a murit t\u00e2n\u0103rul de 25 de ani. Familia \u0219i prietenii t\u00e2n\u0103rului sus\u021bin c\u0103 acesta a fost l\u0103sat s\u0103 moar\u0103 \u00een condi\u021bii suspecte, dup\u0103 ce fusese internat cu o fractur\u0103 de femur. Mai mult dec\u00e2t at\u00e2t. Apropia\u021bii t\u00e2n\u0103rului afirm\u0103 c\u0103 spitalul nu a oferit explica\u021bii clare, c\u0103 interven\u021bia medical\u0103 a fost \u00eent\u00e2rziat\u0103 \u0219i c\u0103, la patru zile de la deces, necropsia \u00eenc\u0103 nu fusese efectuat\u0103.<\/p>\n<p>\u201eMedicii nu au oferit, p\u00e2n\u0103 \u00een acest moment, nicio explica\u021bie clar\u0103. Nu se \u0219tie nici acum cauza exact\u0103 a mor\u021bii. La patru zile de la deces, se a\u0219teapt\u0103 \u00eenc\u0103 realizarea necropsiei. Familia cere ca la autopsie s\u0103 fie prezent \u0219i un reprezentant al acesteia \u0219i a\u0219teapt\u0103 interven\u021bia autorit\u0103\u021bilor de la Bucure\u0219ti, pentru c\u0103, spun ei, cele locale nu fac nimic.<\/p>\n<p>Dac\u0103 nu vor primi r\u0103spunsuri \u0219i nu va fi declan\u0219at un control la spital, protestele vor continua. Oamenii spun c\u0103 nu este un caz izolat. Sunt din ce \u00een ce mai mul\u021bi protestatari, iar tot mai mul\u021bi cet\u0103\u021beni din Buz\u0103u ies \u00een strad\u0103 pentru c\u0103 nu se mai poate. Se cere interven\u021bia ministrului Rogobete \u0219i a Procuraturii Generale pentru a-i g\u0103si pe cei vinova\u021bi de moartea acestui t\u00e2n\u0103r.<\/p>\n<p>Protestatarii spun c\u0103 nu sunt l\u0103sa\u021bi s\u0103 intre \u00een ora\u0219, fiind oprite de filtre ale poli\u021biei. Situa\u021bia este tensionat\u0103, iar oamenii anun\u021b\u0103 c\u0103 vor continua s\u0103 ias\u0103 \u00een strad\u0103 indiferent dac\u0103 va fi vorba de zile, s\u0103pt\u0103m\u00e2ni sau luni\u201d, a transmis Makaveli din mijlocul protestatarilor, \u00een exclusivitate pentru Realitatea PLUS.<\/p>\n<p>Accidentul devastator \u00een care a fost implicat Gabriel Bumb\u0103cea<\/p>\n<p>Gabriel Bumb\u0103cea, t\u00e2n\u0103rul de 25 de ani din Buz\u0103u, devenise cunoscut \u00een mediul online pentru post\u0103rile sale doar \u00een jurul ma\u0219inilor de lux. Via\u021ba lui s-a schimbat radical pe 2 ianuarie, c\u00e2nd era pasager \u00eentr-un BMW care circula cu vitez\u0103 mare pe DN10, cu dep\u0103\u0219iri riscante peste linia continu\u0103. Ma\u0219ina a intrat pe contrasens la Verne\u0219ti \u0219i s-a izbit frontal de autoturismul unor bra\u0219oveni care circulau regulamentar. BMW-ul fusese deja observat de un echipaj de poli\u021bie, care \u00eentorsese pentru a-l urm\u0103ri.<\/p>\n<p>\u00cen urma impactului, la spital au ajuns so\u021bii din Bra\u0219ov \u0219i pasagerul din BMW, Gabriel Bumb\u0103cea. Acesta avea o fractur\u0103 de femur, o leziune grav\u0103, dar tratabil\u0103. Iubita lui a postat chiar o fotografie optimist\u0103 de pe patul de spital, semn c\u0103 nimeni nu se a\u0219tepta la o asemenea tragedie. \u00cen urm\u0103toarele dou\u0103 zile, starea t\u00e2n\u0103rului s-a deteriorat rapid. Familia acuz\u0103 c\u0103 t\u00e2n\u0103rul nu a fost operat la timp, motiv pentru care t\u00e2n\u0103rul a decedat. Iubita lui, Denisa Avram, a publicat dou\u0103 mesaje extrem de dure pe Facebook, acuz\u00e2nd personalul medical:<\/p>\n<p>\u201eMi-ai sf\u00e2\u0219iat sufletul \u00een timp ce \u2018eroii\u2019 spitalelor ne luau la mi\u0219to\u2026 te-am sim\u021bit c\u0103 pleci de l\u00e2ng\u0103 mine \u0219i am strigat \u00een gura mare poate m\u0103 aude cineva. Dar prea t\u00e2rziu.\u201d\u00a0<\/p>\n<p>Gabriel Bumb\u0103cea nu avea asigurare medical\u0103<\/p>\n<p>Ulterior, \u00eentr-o postare \u0219i mai vehement\u0103, a scris:<\/p>\n<p>\u201eS-a stins sub ochii mei \u0219i privirile mizerabile ale personalului din Spitalul Jude\u021bean de Urgen\u021b\u0103 Buz\u0103u. O s\u0103 fac lumin\u0103 \u0219i dreptate, iar dac\u0103 are cineva tupeu s\u0103 mu\u0219amalizeze ard tot \u00een jurul meu f\u0103r\u0103 fric\u0103 de nicio consecin\u021b\u0103.\u201d<\/p>\n<p>Cauza exact\u0103 a mor\u021bii nu este \u00eenc\u0103 stabilit\u0103 oficial. Ipotezele vehiculate sunt: o infec\u021bie netratat\u0103, un cheag de s\u00e2nge care a provocat embolie sau o hemoragie intern\u0103 nedepistat\u0103 la timp. Un detaliu important este c\u0103 t\u00e2n\u0103rul nu era pl\u0103titor de CASS, complet\u00e2nd \u201eneasigurat\u201d la internare, conform <a href=\"https:\/\/www.buzoienii.ro\/o-moarte-scandaloasa-doua-episoade\/?fbclid=IwY2xjawPLBAhleHRuA2FlbQIxMABicmlkETFqRFJKU2IxT3JtWVJOU3Q1c3J0YwZhcHBfaWQQMjIyMDM5MTc4ODIwMDg5MgABHoXAd2w-Ugy2uhujzOWvXWZ5TsWQ66gGGmeNocTiXtOJG06RMCxKbSsll4gD_aem_mMTILumP0C0Iefdq97Ya2Q#google_vignette\" target=\"_blank\">Buzoienii.ro.<\/a><\/p>","protected":false},"excerpt":{"rendered":"<p>Virgil Alexandru Zidaru, cunoscut \u00een spa\u021biul public drept Makaveli, a intrat \u00een direct la Realitatea&hellip;<\/p>\n","protected":false},"author":0,"featured_media":56568,"comment_status":"open","ping_status":"open","sticky":false,"template":"","format":"standard","meta":{"footnotes":""},"categories":[2],"tags":[],"class_list":["post-56567","post","type-post","status-publish","format-standard","has-post-thumbnail","hentry","category-actual"],"_links":{"self":[{"href":"https:\/\/247stiri.ro\/index.php\/wp-json\/wp\/v2\/posts\/56567","targetHints":{"allow":["GET"]}}],"collection":[{"href":"https:\/\/247stiri.ro\/index.php\/wp-json\/wp\/v2\/posts"}],"about":[{"href":"https:\/\/247stiri.ro\/index.php\/wp-json\/wp\/v2\/types\/post"}],"replies":[{"embeddable":true,"href":"https:\/\/247stiri.ro\/index.php\/wp-json\/wp\/v2\/comments?post=56567"}],"version-history":[{"count":0,"href":"https:\/\/247stiri.ro\/index.php\/wp-json\/wp\/v2\/posts\/56567\/revisions"}],"wp:featuredmedia":[{"embeddable":true,"href":"https:\/\/247stiri.ro\/index.php\/wp-json\/wp\/v2\/media\/56568"}],"wp:attachment":[{"href":"https:\/\/247stiri.ro\/index.php\/wp-json\/wp\/v2\/media?parent=56567"}],"wp:term":[{"taxonomy":"category","embeddable":true,"href":"https:\/\/247stiri.ro\/index.php\/wp-json\/wp\/v2\/categories?post=56567"},{"taxonomy":"post_tag","embeddable":true,"href":"https:\/\/247stiri.ro\/index.php\/wp-json\/wp\/v2\/tags?post=56567"}],"curies":[{"name":"wp","href":"https:\/\/api.w.org\/{rel}","templated":true}]}}