{"id":56571,"date":"2026-01-07T09:45:05","date_gmt":"2026-01-07T09:45:05","guid":{"rendered":"https:\/\/247stiri.ro\/index.php\/2026\/01\/07\/caz-socant-in-capitala-un-barbat-si-a-facut-bagajul-si-s-a-predat-dupa-ce-si-a-ucis-fratele\/"},"modified":"2026-01-07T09:45:05","modified_gmt":"2026-01-07T09:45:05","slug":"caz-socant-in-capitala-un-barbat-si-a-facut-bagajul-si-s-a-predat-dupa-ce-si-a-ucis-fratele","status":"publish","type":"post","link":"https:\/\/247stiri.ro\/index.php\/2026\/01\/07\/caz-socant-in-capitala-un-barbat-si-a-facut-bagajul-si-s-a-predat-dupa-ce-si-a-ucis-fratele\/","title":{"rendered":"Caz \u0219ocant \u00een Capital\u0103: un b\u0103rbat \u0219i-a f\u0103cut bagajul \u0219i s-a predat dup\u0103 ce \u0219i-a ucis fratele"},"content":{"rendered":"<p>Potrivit declara\u021biilor f\u0103cute de b\u0103rbat, totul s-ar fi petrecut \u00een casa fratelui s\u0103u, \u00een v\u00e2rst\u0103 de 51 de ani. \u00centre cei doi ar fi avut loc o alterca\u021bie, iar \u00een timpul disputei, agresorul l-ar fi lovit. Ulterior, c\u00e2nd s-a \u00eentors la locuin\u021b\u0103, a afirmat c\u0103 l-a g\u0103sit pe fratele s\u0103u f\u0103r\u0103 via\u021b\u0103.<\/p>\n<p>Poli\u021bi\u0219tii au verificat imediat cele relatate<\/p>\n<p>Un echipaj s-a deplasat de urgen\u021b\u0103 la adresa indicat\u0103 pentru a verifica cele spuse de b\u0103rbat. \u00cen interiorul locuin\u021bei a fost descoperit trupul ne\u00eensufle\u021bit al victimei. Surse apropiate anchetei au precizat c\u0103 b\u0103rbatul decedat era cunoscut ca fiind consumator de alcool.<\/p>\n<p>Re\u021binere pentru 24 de ore<\/p>\n<p>Dup\u0103 audieri, individul de 40 de ani a fost re\u021binut pentru o perioad\u0103 de 24 de ore. Ast\u0103zi, 7 ianuarie, urmeaz\u0103 s\u0103 fie prezentat magistra\u021bilor cu propunere de arestare preventiv\u0103.<\/p>\n<p><a title=\"Crima in Cluj! Un barbat si-a ucis fratele in varsta de 48 de ani\" href=\"https:\/\/www.realitatea.net\/stiri\/actual\/crima-in-cluj-un-barbat-sia-ucis-fratele-in-varsta-de-48-de-ani_695d2207e54ee96c6334286e\">Crim\u0103 \u00een Cluj! Un b\u0103rbat \u0219i-a ucis fratele \u00een v\u00e2rst\u0103 de 48 de ani<\/a><\/p>","protected":false},"excerpt":{"rendered":"<p>Potrivit declara\u021biilor f\u0103cute de b\u0103rbat, totul s-ar fi petrecut \u00een casa fratelui s\u0103u, \u00een v\u00e2rst\u0103&hellip;<\/p>\n","protected":false},"author":0,"featured_media":56572,"comment_status":"open","ping_status":"open","sticky":false,"template":"","format":"standard","meta":{"footnotes":""},"categories":[2],"tags":[],"class_list":["post-56571","post","type-post","status-publish","format-standard","has-post-thumbnail","hentry","category-actual"],"_links":{"self":[{"href":"https:\/\/247stiri.ro\/index.php\/wp-json\/wp\/v2\/posts\/56571","targetHints":{"allow":["GET"]}}],"collection":[{"href":"https:\/\/247stiri.ro\/index.php\/wp-json\/wp\/v2\/posts"}],"about":[{"href":"https:\/\/247stiri.ro\/index.php\/wp-json\/wp\/v2\/types\/post"}],"replies":[{"embeddable":true,"href":"https:\/\/247stiri.ro\/index.php\/wp-json\/wp\/v2\/comments?post=56571"}],"version-history":[{"count":0,"href":"https:\/\/247stiri.ro\/index.php\/wp-json\/wp\/v2\/posts\/56571\/revisions"}],"wp:featuredmedia":[{"embeddable":true,"href":"https:\/\/247stiri.ro\/index.php\/wp-json\/wp\/v2\/media\/56572"}],"wp:attachment":[{"href":"https:\/\/247stiri.ro\/index.php\/wp-json\/wp\/v2\/media?parent=56571"}],"wp:term":[{"taxonomy":"category","embeddable":true,"href":"https:\/\/247stiri.ro\/index.php\/wp-json\/wp\/v2\/categories?post=56571"},{"taxonomy":"post_tag","embeddable":true,"href":"https:\/\/247stiri.ro\/index.php\/wp-json\/wp\/v2\/tags?post=56571"}],"curies":[{"name":"wp","href":"https:\/\/api.w.org\/{rel}","templated":true}]}}