{"id":56594,"date":"2026-01-07T10:47:17","date_gmt":"2026-01-07T10:47:17","guid":{"rendered":"https:\/\/247stiri.ro\/index.php\/2026\/01\/07\/bolojan-incepe-anul-cu-o-serie-de-restante-majore-dupa-ce-i-a-saracit-pe-romanii-de-rand-a-uitat-de-beneficiile-specialilor-si-de-sinecuri\/"},"modified":"2026-01-07T10:47:17","modified_gmt":"2026-01-07T10:47:17","slug":"bolojan-incepe-anul-cu-o-serie-de-restante-majore-dupa-ce-i-a-saracit-pe-romanii-de-rand-a-uitat-de-beneficiile-specialilor-si-de-sinecuri","status":"publish","type":"post","link":"https:\/\/247stiri.ro\/index.php\/2026\/01\/07\/bolojan-incepe-anul-cu-o-serie-de-restante-majore-dupa-ce-i-a-saracit-pe-romanii-de-rand-a-uitat-de-beneficiile-specialilor-si-de-sinecuri\/","title":{"rendered":"Bolojan \u00eencepe anul cu o serie de restan\u021be majore. Dup\u0103 ce i-a s\u0103r\u0103cit pe rom\u00e2nii de r\u00e2nd, a uitat de beneficiile specialilor \u0219i de sinecuri"},"content":{"rendered":"<p>Reforma administra\u021biei, blocat\u0103 de luni de zile<\/p>\n<p>Cea mai veche restan\u021b\u0103 este reforma administra\u021biei, discutat\u0103 \u00eenc\u0103 din var\u0103. Proiectul propus de premier trebuia s\u0103 fie inclus \u00een al doilea pachet de m\u0103suri fiscal-bugetare, \u00eens\u0103 a fost am\u00e2nat succesiv: \u00eent\u00e2i c\u00e2teva zile, apoi s\u0103pt\u0103m\u00e2ni, iar \u00een final luni \u00eentregi. Documentul nu a mai fost prezentat public \u0219i nici nu a ajuns \u00een Parlament.<\/p>\n<p>Rom\u00e2nia a intrat \u00een 2026 f\u0103r\u0103 buget aprobat<\/p>\n<p>Guvernul nu a respectat nici Legea finan\u021belor publice, care oblig\u0103 Executivul s\u0103 trimit\u0103 bugetul pentru anul urm\u0103tor \u00een Parlament p\u00e2n\u0103 la 15 noiembrie. Rom\u00e2nia a trecut \u00een 2026 f\u0103r\u0103 un proiect de buget adoptat, iar documentul va fi dezb\u0103tut abia \u00een februarie, dup\u0103 vacan\u021ba parlamentar\u0103.<\/p>\n<p>Exist\u0103 discu\u021bii ca ale\u0219ii s\u0103 fie chema\u021bi mai devreme din vacan\u021b\u0103 pentru a adopta rapid reformele restante.<\/p>\n<p>Cumul pensie\u2013salariu, promis dar nefinalizat<\/p>\n<p>Coali\u021bia a anun\u021bat anul trecut limitarea cumulului pensiei cu salariul la stat, o m\u0103sur\u0103 care ar afecta \u00een special beneficiarii de pensii speciale. Proiectul a fost pus \u00een dezbatere public\u0103 \u00een noiembrie, \u00eens\u0103 con\u021bine numeroase excep\u021bii \u0219i nu a fost finalizat. Discu\u021biile au \u00eenceput \u00eenc\u0103 din august, dar nu s-au concretizat.<\/p>\n<p>Reforma pensiilor magistra\u021bilor, blocat\u0103 la CCR<\/p>\n<p>Din acela\u0219i pachet de reforme face parte \u0219i modificarea condi\u021biilor de pensionare pentru magistra\u021bi. Ini\u021biativa este blocat\u0103 la Curtea Constitu\u021bional\u0103, ceea ce reprezint\u0103 o nou\u0103 restan\u021b\u0103 pentru Guvern, arat\u0103 o analiz\u0103 Realitatea PLUS.<\/p>\n<p>\u00a0<\/p>","protected":false},"excerpt":{"rendered":"<p>Reforma administra\u021biei, blocat\u0103 de luni de zile Cea mai veche restan\u021b\u0103 este reforma administra\u021biei, discutat\u0103&hellip;<\/p>\n","protected":false},"author":0,"featured_media":56595,"comment_status":"open","ping_status":"open","sticky":false,"template":"","format":"standard","meta":{"footnotes":""},"categories":[2],"tags":[],"class_list":["post-56594","post","type-post","status-publish","format-standard","has-post-thumbnail","hentry","category-actual"],"_links":{"self":[{"href":"https:\/\/247stiri.ro\/index.php\/wp-json\/wp\/v2\/posts\/56594","targetHints":{"allow":["GET"]}}],"collection":[{"href":"https:\/\/247stiri.ro\/index.php\/wp-json\/wp\/v2\/posts"}],"about":[{"href":"https:\/\/247stiri.ro\/index.php\/wp-json\/wp\/v2\/types\/post"}],"replies":[{"embeddable":true,"href":"https:\/\/247stiri.ro\/index.php\/wp-json\/wp\/v2\/comments?post=56594"}],"version-history":[{"count":0,"href":"https:\/\/247stiri.ro\/index.php\/wp-json\/wp\/v2\/posts\/56594\/revisions"}],"wp:featuredmedia":[{"embeddable":true,"href":"https:\/\/247stiri.ro\/index.php\/wp-json\/wp\/v2\/media\/56595"}],"wp:attachment":[{"href":"https:\/\/247stiri.ro\/index.php\/wp-json\/wp\/v2\/media?parent=56594"}],"wp:term":[{"taxonomy":"category","embeddable":true,"href":"https:\/\/247stiri.ro\/index.php\/wp-json\/wp\/v2\/categories?post=56594"},{"taxonomy":"post_tag","embeddable":true,"href":"https:\/\/247stiri.ro\/index.php\/wp-json\/wp\/v2\/tags?post=56594"}],"curies":[{"name":"wp","href":"https:\/\/api.w.org\/{rel}","templated":true}]}}