{"id":56624,"date":"2026-01-07T11:45:08","date_gmt":"2026-01-07T11:45:08","guid":{"rendered":"https:\/\/247stiri.ro\/index.php\/2026\/01\/07\/necropsia-tanarului-decedat-la-sju-buzau-amanata-la-cererea-familiei-care-este-motivul\/"},"modified":"2026-01-07T11:45:08","modified_gmt":"2026-01-07T11:45:08","slug":"necropsia-tanarului-decedat-la-sju-buzau-amanata-la-cererea-familiei-care-este-motivul","status":"publish","type":"post","link":"https:\/\/247stiri.ro\/index.php\/2026\/01\/07\/necropsia-tanarului-decedat-la-sju-buzau-amanata-la-cererea-familiei-care-este-motivul\/","title":{"rendered":"Necropsia t\u00e2n\u0103rului decedat la SJU Buz\u0103u, am\u00e2nat\u0103 la cererea familiei: care este motivul"},"content":{"rendered":"<p>\u201cLa solicitarea familiei, s-a decis ca la efectuarea necropsiei s\u0103 participe un medic expert parte. Serviciul Jude\u0163ean de Medicin\u0103 Legal\u0103 Buz\u0103u a fost de acord cu cererea pentru a exista o transparent\u0103 deplin\u0103. \u00cen urma discu\u0163iilor purtate cu medicul expert parte, m\u00e2ine, 8 ianuarie, va fi efectuat\u0103 necropsia t\u00e2n\u0103rului de 25 de ani. De asemenea, doresc s\u0103 precizez c\u0103, fiind vorba de o moarte suspect\u0103, exist\u0103 o anchet\u0103 penal\u0103 \u00een curs \u015fi un putem oferi alte date. Precizez c\u0103 familia nu a depus nicio peti\u0163ie la SJU Buz\u0103u p\u00e2n\u0103 \u00een prezent\u201d, a declarat purt\u0103torul de cuv\u00e2nt al SJU Buz\u0103u, Adrian Bunil\u0103.<\/p>\n<p>\u00centre timp, <a href=\"https:\/\/www.realitatea.net\/stiri\/actual\/revolta-la-spitalul-judetean-buzau-zeci-de-oameni-cer-dreptate-dupa-moartea-suspecta-a-unui-tanar-video_695d19d5e54ee96c63342865\" target=\"_blank\">rude \u015fi prieteni ai t\u00e2n\u0103rului decedat<\/a> au revenit, luni diminea\u021b\u0103, \u00een fa\u0163a Spitalului Jude\u0163ean de Urgen\u0163\u0103 Buz\u0103u, acolo unde are loc un <a href=\"https:\/\/www.realitatea.net\/stiri\/actual\/makaveli-arunca-bomba-dupa-moartea-tanarului-de-25-de-ani-din-buzau-acuzatii-grave-medicii-nu-stiu-inca-de-ce-a-murit-nu-au-nicio-explicatie_695e28af80db39670e2f48d6\" target=\"_blank\">protest masiv.<\/a> Protestatarii au cerut explica\u0163ii \u015fi tragerea la r\u0103spundere a celor considera\u0163i responsabili. La fa\u021ba locului acolo unde sunt prezen\u0163i \u015fi reprezentanti ai Poli\u0163iei \u015fi Jandarmeriei.<\/p>\n<p>Cu o zi \u00een urm\u0103, managerul Sorin P\u0103tra\u015fcu declara c\u0103 a fost deschis\u0103 \u015fi o anchet\u0103 intern\u0103 pentru clarificarea circumstan\u0163elor \u00een care a survenit moartea pacientului. Potrivit aceleia\u015fi surse, necropsia urma s\u0103 fie f\u0103cut\u0103 miercuri, spitalul solicit\u00e2nd prezen\u0163a unui expert criminalist de la Poli\u0163ie.<\/p>\n<p>Filmul evenimentelor<\/p>\n<p>Gabriel, \u00een v\u00e2rst\u0103 de 25 de ani, era pasager \u00eentr-un autoturism condus de un alt t\u00e2n\u0103r de 20 de ani. Accidentul s-a produs \u00een 2 ianuarie, pe DN 10, \u00een localitatea Verne\u015fti, dup\u0103 ce ma\u015fina s-a ciocnit frontal cu un alt autoturism care circula din sens opus. \u00cen urma accidentului \u00een care au fost r\u0103nite mai multe persoane, Gabriel s-a ales cu o fractur\u0103 de femur \u015fi a fost internat la Spitalul Jude\u0163ean de Urgen\u0163\u0103 Buz\u0103u, fiind programat pentru opera\u0163ie.\u00a0Potrivit informa\u0163iilor oficiale, starea t\u00e2n\u0103rului s-a deteriorat \u00eens\u0103 brusc, iar acesta a decedat pe patul de spital. Cauzele exacte ale mor\u0163ii vor fi stabilite \u00een urma necropsiei \u015fi a investiga\u0163iilor medicale.<\/p>","protected":false},"excerpt":{"rendered":"<p>\u201cLa solicitarea familiei, s-a decis ca la efectuarea necropsiei s\u0103 participe un medic expert parte.&hellip;<\/p>\n","protected":false},"author":0,"featured_media":56625,"comment_status":"open","ping_status":"open","sticky":false,"template":"","format":"standard","meta":{"footnotes":""},"categories":[2],"tags":[],"class_list":["post-56624","post","type-post","status-publish","format-standard","has-post-thumbnail","hentry","category-actual"],"_links":{"self":[{"href":"https:\/\/247stiri.ro\/index.php\/wp-json\/wp\/v2\/posts\/56624","targetHints":{"allow":["GET"]}}],"collection":[{"href":"https:\/\/247stiri.ro\/index.php\/wp-json\/wp\/v2\/posts"}],"about":[{"href":"https:\/\/247stiri.ro\/index.php\/wp-json\/wp\/v2\/types\/post"}],"replies":[{"embeddable":true,"href":"https:\/\/247stiri.ro\/index.php\/wp-json\/wp\/v2\/comments?post=56624"}],"version-history":[{"count":0,"href":"https:\/\/247stiri.ro\/index.php\/wp-json\/wp\/v2\/posts\/56624\/revisions"}],"wp:featuredmedia":[{"embeddable":true,"href":"https:\/\/247stiri.ro\/index.php\/wp-json\/wp\/v2\/media\/56625"}],"wp:attachment":[{"href":"https:\/\/247stiri.ro\/index.php\/wp-json\/wp\/v2\/media?parent=56624"}],"wp:term":[{"taxonomy":"category","embeddable":true,"href":"https:\/\/247stiri.ro\/index.php\/wp-json\/wp\/v2\/categories?post=56624"},{"taxonomy":"post_tag","embeddable":true,"href":"https:\/\/247stiri.ro\/index.php\/wp-json\/wp\/v2\/tags?post=56624"}],"curies":[{"name":"wp","href":"https:\/\/api.w.org\/{rel}","templated":true}]}}