{"id":56687,"date":"2026-01-07T14:45:12","date_gmt":"2026-01-07T14:45:12","guid":{"rendered":"https:\/\/247stiri.ro\/index.php\/2026\/01\/07\/judetul-unde-taxele-si-impozitele-locale-nu-au-crescut-acestea-sunt-pastrate-la-valoarea-minima-permisa-de-lege\/"},"modified":"2026-01-07T14:45:12","modified_gmt":"2026-01-07T14:45:12","slug":"judetul-unde-taxele-si-impozitele-locale-nu-au-crescut-acestea-sunt-pastrate-la-valoarea-minima-permisa-de-lege","status":"publish","type":"post","link":"https:\/\/247stiri.ro\/index.php\/2026\/01\/07\/judetul-unde-taxele-si-impozitele-locale-nu-au-crescut-acestea-sunt-pastrate-la-valoarea-minima-permisa-de-lege\/","title":{"rendered":"Jude\u021bul unde taxele \u0219i impozitele locale nu au crescut. Acestea sunt p\u0103strate la valoarea minim\u0103 permis\u0103 de lege"},"content":{"rendered":"<p>Autorit\u0103\u021bile din Sf\u00e2ntu Gheorghe \u0219i T\u00e2rgu Secuiesc transmit c\u0103 impozitele pe locuin\u021bele persoanelor fizice vor r\u0103m\u00e2ne la pragul minim stabilit de lege, la fel ca \u00een anii anteriori. Potrivit acestora, \u00een ultimii ani nu au fost operate major\u0103ri locale de taxe, cu excep\u021bia celor impuse prin legisla\u021bia na\u021bional\u0103.<\/p>\n<p>Men\u021binerea impozitelor la minim \u0219i schimb\u0103ri pentru autoturisme<\/p>\n<p>Prim\u0103riile din Sf\u00e2ntu Gheorghe \u0219i T\u00e2rgu Secuiesc precizeaz\u0103, printr-un comunicat, c\u0103 nivelul impozitelor pe locuin\u021bele aflate \u00een proprietatea persoanelor fizice va fi p\u0103strat, \u0219i \u00een 2026, la valoarea minim\u0103 permis\u0103 de lege.<\/p>\n<p>\u00cen schimb, pentru autoturisme sunt anun\u021bate ajust\u0103ri, determinate de noile prevederi din Codul Fiscal. Acestea introduc criterii suplimentare \u00een calculul impozitului, printre care norma de poluare \u0219i capacitatea cilindric\u0103 a vehiculelor.<\/p>\n<p><a title=\"Batjocura nationala la plata impozitelor. Multi romani au primit sume eronate. O primarie de sector sustine ca a lucrat inca din 1 ianuarie - FOTO\" href=\"https:\/\/www.realitatea.net\/stiri\/actual\/batjocura-nationala-la-plata-impozitelor-dupa-ce-ca-sau-majorat-halucinant-multi-romani-au-primit-sume-gresit-calculate-foto_695e554938ee066ce771c0e9\">Batjocur\u0103 na\u021bional\u0103 la plata impozitelor. Mul\u021bi rom\u00e2ni au primit sume eronate. O prim\u0103rie de sector sus\u021bine c\u0103 a lucrat \u00eenc\u0103 din 1 ianuarie \u2013 FOTO<\/a><\/p>\n<p>Pozi\u021bia primarului din Sf\u00e2ntu Gheorghe<\/p>\n<p>Primarul municipiului Sf\u00e2ntu Gheorghe, Antal Arpad, a explicat c\u0103 strategia de impozitare redus\u0103 pentru locuin\u021bele persoanelor fizice este aplicat\u0103 de mai bine de un deceniu \u0219i nu va fi modificat\u0103 nici \u00een perioada urm\u0103toare.<\/p>\n<p>\u201e\u00cen Sf\u00e2ntu Gheorghe, noi \u0219i \u00een ultimii 10-15 ani, \u00een ceea ce prive\u0219te imobilele la persoanele fizice am avut impozitul la minimum permis de lege \u0219i vom r\u0103m\u00e2ne \u00een continuare la acest nivel, de\u0219i asta va \u00eensemna o cre\u0219tere a impozitelor pentru c\u0103 Guvernul a crescut acest plafon minim. \u00cen ceea ce prive\u0219te autoturismele, se merge pe ideea c\u0103 poluatorul pl\u0103te\u0219te. Este un alt mod de calcul dec\u00e2t p\u00e2n\u0103 acum, fiind luat\u0103 \u00een calcul \u0219i norma de poluare, nu doar capacitatea cilindric\u0103\u201d, a declarat edilul, potrivit comunicatului publicat de prim\u0103rie.<\/p>\n<p>Antal Arpad a mai ar\u0103tat c\u0103 majoritatea contribuabililor din municipiu de\u021bin locuin\u021be cu suprafe\u021be reduse \u0219i autoturisme cu capacitate cilindric\u0103 mic\u0103, ceea ce se reflect\u0103 \u00een nivelul impozitelor datorate.<\/p>\n<p>\u201eDe banii \u0103\u0219tia, fiecare familie prime\u0219te mai multe servicii asigurate de Prim\u0103rie: cre\u0219\u0103, gr\u0103dini\u021b\u0103, \u0219coal\u0103, iluminat public, cur\u0103\u021benia ora\u0219ului, institu\u021bii de cultur\u0103, de recreere \u0219i a\u0219a mai departe\u201d, a ad\u0103ugat Antal Arpad.<\/p>\n<p>Situa\u021bia fiscal\u0103 din T\u00e2rgu Secuiesc<\/p>\n<p>\u0218i municipiul T\u00e2rgu Secuiesc aplic\u0103 o politic\u0103 similar\u0103 \u00een materie de taxe locale. Reprezentan\u021bii administra\u021biei locale afirm\u0103 c\u0103 impozitele pe locuin\u021be au fost men\u021binute la nivelul minim prev\u0103zut de lege de peste zece ani, iar aceast\u0103 linie va fi p\u0103strat\u0103 \u0219i \u00een 2026.<\/p>\n<p><a title=\"Vinovatul pentru blocarea Ghiseul.ro va fi tras la raspundere. Dar numai dupa ce se intoarce din concediu!\" href=\"https:\/\/www.realitatea.net\/stiri\/actual\/vinovatul-pentru-blocarea-ghiseulro-va-fi-tras-la-raspundere-dar-numai-dupa-ce-se-intoarce-din-concediu_695d782660407f36a34bb4f3\">Vinovatul pentru blocarea Ghiseul.ro va fi tras la r\u0103spundere. Dar numai dup\u0103 ce se \u00eentoarce din concediu!<\/a><\/p>\n<p>\u201e\u00cen municipiul T\u00e2rgu Secuiesc nu au avut loc major\u0103ri de taxe \u00een ultimii ani, \u00een fiecare an fiind aplicate doar cre\u0219terile prev\u0103zute de lege pentru anumite categorii. De mai bine de zece ani, \u00een cazul imobilelor de\u021binute de persoane fizice, impozitul a fost men\u021binut la nivelul minim permis de lege, iar acest lucru va continua \u00een 2026, chiar dac\u0103 aceasta va \u00eensemna o cre\u0219tere, deoarece Guvernul a majorat pragul minim\u201d, se arat\u0103 \u00eentr-un comunicat al prim\u0103riei.<\/p>\n<p>\u00cen ceea ce prive\u0219te autoturismele, autorit\u0103\u021bile locale din T\u00e2rgu Secuiesc precizeaz\u0103 c\u0103 impactul noilor reguli fiscale va varia \u00een func\u021bie de caracteristicile fiec\u0103rui vehicul. Proprietarii de ma\u0219ini hibride \u0219i electrice vor achita impozite simbolice, \u00een timp ce de\u021bin\u0103torii de autoturisme mai vechi ar putea suporta cre\u0219teri consistente.<\/p>\n<p>\u201eSe va aplica principiul \u00abpoluatorul pl\u0103te\u0219te\u00bb: cu c\u00e2t ma\u0219ina este mai veche, cu at\u00e2t proprietarul va trebui s\u0103 achite un impozit mai mare. Noua metod\u0103 de calcul elaborat\u0103 de Guvern ia \u00een considerare nu doar capacitatea cilindric\u0103, ci \u0219i norma de poluare, motiv pentru care vor exista, \u00een unele cazuri, modific\u0103ri semnificative ale impozitului auto\u201d, au precizat autorit\u0103\u021bile locale.<\/p>\n<p>Contextul noilor reguli fiscale aplicabile din 2026<\/p>\n<p>Deciziile luate la nivel local sunt anun\u021bate \u00een condi\u021biile \u00een care, de la 1 ianuarie 2026, au intrat \u00een vigoare noile taxe \u0219i impozite adoptate de Guvern. Acestea prev\u0103d major\u0103ri substan\u021biale at\u00e2t pentru persoane fizice, c\u00e2t \u0219i pentru companii. Potrivit celui de-al doilea pachet de m\u0103suri fiscale, impozitele pe locuin\u021be \u0219i terenuri pot ajunge la valori de p\u00e2n\u0103 la trei ori mai mari.<\/p>\n<p>Totodat\u0103, impozitul auto a fost majorat \u0219i se va aplica inclusiv vehiculelor full-electrice, care p\u00e2n\u0103 acum beneficiau de scutire. Introducerea normei de poluare ca element de calcul va determina diferen\u021be \u00eentre jude\u021be, \u00een func\u021bie de hot\u0103r\u00e2rile adoptate de consiliile locale.<\/p>\n<p>Autorit\u0103\u021bile reamintesc c\u0103, \u0219i \u00een anul 2026, contribuabilii care achit\u0103 integral taxele \u0219i impozitele locale p\u00e2n\u0103 la data de 31 martie vor beneficia de o reducere de 10%.<\/p>\n<p><a title=\"Ipocrizia rezistilor: USR il ataca pe Bolojan pentru noile taxe\" href=\"https:\/\/www.realitatea.net\/stiri\/politica\/ipocrizia-rezistilor-usr-il-ataca-pe-bolojan-pentru-noile-taxe_695d25e8170e7509f0719af9\">Ipocrizia rezi\u0219tilor: USR \u00eel atac\u0103 pe Bolojan pentru noile taxe<\/a><\/p>","protected":false},"excerpt":{"rendered":"<p>Autorit\u0103\u021bile din Sf\u00e2ntu Gheorghe \u0219i T\u00e2rgu Secuiesc transmit c\u0103 impozitele pe locuin\u021bele persoanelor fizice vor&hellip;<\/p>\n","protected":false},"author":0,"featured_media":56688,"comment_status":"open","ping_status":"open","sticky":false,"template":"","format":"standard","meta":{"footnotes":""},"categories":[2],"tags":[],"class_list":["post-56687","post","type-post","status-publish","format-standard","has-post-thumbnail","hentry","category-actual"],"_links":{"self":[{"href":"https:\/\/247stiri.ro\/index.php\/wp-json\/wp\/v2\/posts\/56687","targetHints":{"allow":["GET"]}}],"collection":[{"href":"https:\/\/247stiri.ro\/index.php\/wp-json\/wp\/v2\/posts"}],"about":[{"href":"https:\/\/247stiri.ro\/index.php\/wp-json\/wp\/v2\/types\/post"}],"replies":[{"embeddable":true,"href":"https:\/\/247stiri.ro\/index.php\/wp-json\/wp\/v2\/comments?post=56687"}],"version-history":[{"count":0,"href":"https:\/\/247stiri.ro\/index.php\/wp-json\/wp\/v2\/posts\/56687\/revisions"}],"wp:featuredmedia":[{"embeddable":true,"href":"https:\/\/247stiri.ro\/index.php\/wp-json\/wp\/v2\/media\/56688"}],"wp:attachment":[{"href":"https:\/\/247stiri.ro\/index.php\/wp-json\/wp\/v2\/media?parent=56687"}],"wp:term":[{"taxonomy":"category","embeddable":true,"href":"https:\/\/247stiri.ro\/index.php\/wp-json\/wp\/v2\/categories?post=56687"},{"taxonomy":"post_tag","embeddable":true,"href":"https:\/\/247stiri.ro\/index.php\/wp-json\/wp\/v2\/tags?post=56687"}],"curies":[{"name":"wp","href":"https:\/\/api.w.org\/{rel}","templated":true}]}}