{"id":56693,"date":"2026-01-07T15:44:59","date_gmt":"2026-01-07T15:44:59","guid":{"rendered":"https:\/\/247stiri.ro\/index.php\/2026\/01\/07\/drama-de-la-crans-montana-continua-un-salvator-coplesit-de-traume-spune-ca-nu-mai-poate-merge-mai-departe-si-renunta-la-meserie\/"},"modified":"2026-01-07T15:44:59","modified_gmt":"2026-01-07T15:44:59","slug":"drama-de-la-crans-montana-continua-un-salvator-coplesit-de-traume-spune-ca-nu-mai-poate-merge-mai-departe-si-renunta-la-meserie","status":"publish","type":"post","link":"https:\/\/247stiri.ro\/index.php\/2026\/01\/07\/drama-de-la-crans-montana-continua-un-salvator-coplesit-de-traume-spune-ca-nu-mai-poate-merge-mai-departe-si-renunta-la-meserie\/","title":{"rendered":"Drama de la Crans-Montana continu\u0103: un salvator, cople\u0219it de traume, spune c\u0103 nu mai poate merge mai departe \u0219i renun\u021b\u0103 la meserie"},"content":{"rendered":"<p>Unul din salvatorii de la Crans-Montana m\u0103rturise\u0219te infernul prin care a trecut<\/p>\n<p>Printre cei profund marca\u021bi se afl\u0103 chiar \u0219eful pompierilor care a coordonat interven\u021bia din noaptea de Revelion. Vizibil afectat, acesta m\u0103rturise\u0219te c\u0103 experien\u021ba tr\u0103it\u0103 l-a f\u0103cut s\u0103 se \u00eendoiasc\u0103 de capacitatea sa de a mai profesa.<\/p>\n<p>\u00centre timp, <a href=\"https:\/\/www.realitatea.net\/stiri\/actual\/primarul-statiunii-cransmontana-recunoaste-ca-barul-le-constellation-care-a-luat-foc-de-anul-nou-nu-a-fost-verificat-de-5-ani_695ce1d689021a4e853cf072\" target=\"_blank\">autorit\u0103\u021bile au finalizat procesul<\/a> de identificare a victimelor. Jum\u0103tate dintre cei deceda\u021bi erau minori. Printre nume se afl\u0103 \u0219i Guillaume, un t\u00e2n\u0103r de 18 ani cu dubl\u0103 cet\u0103\u021benie rom\u00e2no-elve\u021bian\u0103. Mama sa, originar\u0103 din Gorj, este stabilit\u0103 \u00een Elve\u021bia de dou\u0103 decenii, unde \u0219i-a \u00eentemeiat o familie.<\/p>\n<p>\u00cen seara dintre ani, Guillaume ie\u0219ise \u00een ora\u0219 al\u0103turi de prieteni \u0219i ajunsese \u00een barul \u201eLe Constellation\u201d. Dup\u0103 izbucnirea incendiului, familia nu a mai reu\u0219it s\u0103 ia leg\u0103tura cu el. Ini\u021bial, t\u00e2n\u0103rul a fost declarat disp\u0103rut, iar rudele au solicitat sprijin inclusiv din partea autorit\u0103\u021bilor rom\u00e2ne. Confirmarea oficial\u0103 a venit \u00een a patra zi dup\u0103 tragedie: Guillaume se afl\u0103 printre victimele incendiului.<\/p>\n<p>T\u00e2n\u0103rul locuia \u00eempreun\u0103 cu mama sa \u00een Lausanne, dar revenea frecvent \u00een Rom\u00e2nia, la Rovinari. \u00centr-un mesaj transmis pe re\u021belele sociale, mama lui a cerut discre\u021bie \u0219i respect, preciz\u00e2nd c\u0103 traverseaz\u0103 cea mai grea perioad\u0103 a vie\u021bii sale.<\/p>\n<p>Victimele de la Crans-Montana<\/p>\n<p><a href=\"https:\/\/www.realitatea.net\/stiri\/actual\/politia-elvetiana-a-identificat-toti-mortii-si-ranitii-din-incendiul-de-anul-nou-din-cransmontana-niciun-roman-printre-victime_695bfa99261c6d30146e0ea2\" target=\"_blank\">Lista victimelor<\/a> scoate la iveal\u0103 detalii cutremur\u0103toare. Cea mai t\u00e2n\u0103r\u0103 persoan\u0103 decedat\u0103 avea doar 14 ani. Printre cei care \u0219i-au pierdut via\u021ba se num\u0103r\u0103 \u0219i \u0219ase adolescen\u021bi italieni, cu v\u00e2rste \u00eentre 15 \u0219i 16 ani, inclusiv sportivul Emanuele Galeppini. Propor\u021bia mare de minori ridic\u0103 semne de \u00eentrebare privind respectarea legisla\u021biei elve\u021biene, care limiteaz\u0103 accesul tinerilor sub 16 ani \u00een cluburi dup\u0103 ora 22:00, f\u0103r\u0103 \u00eenso\u021bitor legal.<\/p>\n<p>Imaginile din noaptea tragediei au l\u0103sat urme ad\u00e2nci \u0219i \u00een r\u00e2ndul echipelor de interven\u021bie. Cu lacrimi \u00een ochi, comandantul pompierilor din Crans-Montana, David Vocat, a descris scenele ca fiind imposibil de uitat. A vorbit despre oameni ar\u0219i, tineri pr\u0103bu\u0219i\u021bi pe podea \u0219i despre sentimentul c\u0103 se afl\u0103 \u00eentr-o zon\u0103 de r\u0103zboi. Momentul care l-a marcat cel mai profund a fost \u00eent\u00e2lnirea cu o mam\u0103 care \u00ee\u0219i pierduse fiul, dar care le-a mul\u021bumit salvatorilor pentru vie\u021bile salvate. \u201eEste ceva ce nu cred c\u0103 voi putea dep\u0103\u0219i vreodat\u0103\u201d, a spus acesta.<\/p>\n<p>\u00cen memoria victimelor, schiorii din Crans-Montana au organizat un omagiu emo\u021bionant pe p\u00e2rtie, form\u00e2nd o inim\u0103 uria\u0219\u0103, imagine care a devenit viral\u0103 \u00een mediul online.<\/p>\n<p>\u00cen paralel, ancheta scoate la suprafa\u021b\u0103 posibile nereguli grave \u00een func\u021bionarea clubului. Fo\u0219ti angaja\u021bi sus\u021bin c\u0103 una dintre ie\u0219irile de urgen\u021b\u0103 era \u021binut\u0103 \u00eenchis\u0103, iar materialele \u0219i dot\u0103rile de siguran\u021b\u0103 erau insuficiente sau inexistente. Lipsa sting\u0103toarelor, a personalului instruit \u0219i utilizarea unor materiale inflamabile ar fi creat condi\u021biile unui dezastru inevitabil.<\/p>\n<p>Cei doi patroni ai localului, un cuplu de cet\u0103\u021beni francezi, sunt cerceta\u021bi penal \u00een stare de libertate. Dac\u0103 vor fi g\u0103si\u021bi vinova\u021bi de omor din culp\u0103, risc\u0103 pedepse de p\u00e2n\u0103 la patru ani \u0219i jum\u0103tate de \u00eenchisoare.<\/p>","protected":false},"excerpt":{"rendered":"<p>Unul din salvatorii de la Crans-Montana m\u0103rturise\u0219te infernul prin care a trecut Printre cei profund&hellip;<\/p>\n","protected":false},"author":0,"featured_media":56694,"comment_status":"open","ping_status":"open","sticky":false,"template":"","format":"standard","meta":{"footnotes":""},"categories":[2],"tags":[],"class_list":["post-56693","post","type-post","status-publish","format-standard","has-post-thumbnail","hentry","category-actual"],"_links":{"self":[{"href":"https:\/\/247stiri.ro\/index.php\/wp-json\/wp\/v2\/posts\/56693","targetHints":{"allow":["GET"]}}],"collection":[{"href":"https:\/\/247stiri.ro\/index.php\/wp-json\/wp\/v2\/posts"}],"about":[{"href":"https:\/\/247stiri.ro\/index.php\/wp-json\/wp\/v2\/types\/post"}],"replies":[{"embeddable":true,"href":"https:\/\/247stiri.ro\/index.php\/wp-json\/wp\/v2\/comments?post=56693"}],"version-history":[{"count":0,"href":"https:\/\/247stiri.ro\/index.php\/wp-json\/wp\/v2\/posts\/56693\/revisions"}],"wp:featuredmedia":[{"embeddable":true,"href":"https:\/\/247stiri.ro\/index.php\/wp-json\/wp\/v2\/media\/56694"}],"wp:attachment":[{"href":"https:\/\/247stiri.ro\/index.php\/wp-json\/wp\/v2\/media?parent=56693"}],"wp:term":[{"taxonomy":"category","embeddable":true,"href":"https:\/\/247stiri.ro\/index.php\/wp-json\/wp\/v2\/categories?post=56693"},{"taxonomy":"post_tag","embeddable":true,"href":"https:\/\/247stiri.ro\/index.php\/wp-json\/wp\/v2\/tags?post=56693"}],"curies":[{"name":"wp","href":"https:\/\/api.w.org\/{rel}","templated":true}]}}