{"id":56695,"date":"2026-01-07T15:44:59","date_gmt":"2026-01-07T15:44:59","guid":{"rendered":"https:\/\/247stiri.ro\/index.php\/2026\/01\/07\/avionul-lui-nicusor-dan-va-decola-in-sfarsit-de-la-paris-dupa-doua-amanari-din-cauza-vremii-cine-se-afla-in-aeronava-militara-care-il-aduce-acasa\/"},"modified":"2026-01-07T15:44:59","modified_gmt":"2026-01-07T15:44:59","slug":"avionul-lui-nicusor-dan-va-decola-in-sfarsit-de-la-paris-dupa-doua-amanari-din-cauza-vremii-cine-se-afla-in-aeronava-militara-care-il-aduce-acasa","status":"publish","type":"post","link":"https:\/\/247stiri.ro\/index.php\/2026\/01\/07\/avionul-lui-nicusor-dan-va-decola-in-sfarsit-de-la-paris-dupa-doua-amanari-din-cauza-vremii-cine-se-afla-in-aeronava-militara-care-il-aduce-acasa\/","title":{"rendered":"Avionul lui Nicu\u0219or Dan va decola \u00een sf\u00e2r\u0219it de la Paris, dup\u0103 dou\u0103 am\u00e2n\u0103ri din cauza vremii. Cine se afl\u0103 \u00een aeronava militar\u0103 care \u00eel aduce acas\u0103"},"content":{"rendered":"<p>Avionul Spartan \u00eei are la bord pe membrii delega\u021biei preziden\u021biale \u0219i pe jurnali\u0219tii care l-au \u00eenso\u021bit la Paris pe pre\u0219edintele Nicu\u0219or Dan.\u0218eful statului a participat mar\u021bi la reuniunea \u0219efilor de stat \u0219i de guvern ai &#8222;Coali\u021biei de Voin\u021b\u0103&#8221; (Coalition of the Willing), g\u0103zduit\u0103 la Palatul Elysee de pre\u0219edintele Fran\u021bei, Emmanuel Macron, \u0219i trebuia s\u0103 revin\u0103 \u00een \u021bar\u0103 la finalul zilei.&#8221;Asear\u0103 am decis s\u0103 nu mai plec\u0103m pentru c\u0103 am fi ajuns la 3 &#8211; 4 noaptea \u0219i nu ar fi fost bine, iar acum e o situa\u021bie neobi\u0219nuit\u0103 pentru Fran\u021ba, de obicei aici nu ninge. A nins, trebuie s\u0103 fie cur\u0103\u021bat\u0103 pista, a\u0219tept\u0103m p\u00e2n\u0103 se cur\u0103\u021b\u0103 pista&#8221;, a explicat pre\u0219edintele miercuri diminea\u021ba.<\/p>\n<p><a title=\"Nicusor Dan este singurul sef de stat blocat in Paris, toti liderii europeni au parasit Franta inca de aseara. Presedintele cere acum un avion al institutiei\" href=\"https:\/\/www.realitatea.net\/stiri\/actual\/nicusor-dan-e-singurul-sef-de-stat-blocat-in-franta-dupa-ce-toti-liderii-europeni-au-parasit-parisul-inca-de-aseara-presedintele-cere-acum-avion-prezidential_695e2fe163bc021e250f7b79\">Nicu\u0219or Dan este singurul \u0219ef de stat blocat \u00een Paris, to\u021bi liderii europeni au p\u0103r\u0103sit Fran\u021ba \u00eenc\u0103 de asear\u0103. Pre\u0219edintele cere acum un avion al institu\u021biei<\/a>Ministerul rom\u00e2n al Afacerilor Externe a transmis \u00eenc\u0103 de mar\u021bi seara o aten\u021bionare de c\u0103l\u0103torie pentru Fran\u021ba, care vizeaz\u0103 un cod portocaliu de ninsori abundente \u0219i polei.Potrivit unui comunicat al MAE, transmis Agerpres, sunt afectate regiunile Hauts-de-France, \u00cele-de-France, Centre-Val-de-Loire, Poitou-Charentes, Limousin, Vendee, Maine-et-Loire, Eure-et-Loir, Orne, Haute-Normandie, Allier, vestul Burgundiei \u0219i vestul regiunii Champagne-Ardennes.&#8221;Sunt preconizate perturb\u0103ri importante ale transportului rutier urban \u0219i interurban, traficului feroviar \u0219i aerian. Pe acest fond, vor fi afectate aproximativ 40% din cursele aeriene prev\u0103zute \u00eentre orele 9:00 \u0219i 14:00 pe Aeroportul Charles de Gaulle \u0219i 25% din zborurile programate \u00eentre orele 6:00 \u0219i 14:00 pe Aeroportul Orly&#8221;, preciza MAE.<\/p>\n<p><a title='Anca Alexandrescu, despre episodul cu Nicusor Dan blocat la Paris: ,,Este doar un circ pentru a-l victimiza si a-l arata cat este de modest el\"' href=\"https:\/\/www.realitatea.net\/stiri\/actual\/anca-alexandrescu-despre-episodul-cu-nicusor-dan-blocat-la-paris-este-doar-un-circ-pentru-al-victimiza-pe-nicusor-dan-si-al-arata-cat-este-de-modest-el_695e7110d8448e2d492c51d7\">Anca Alexandrescu, despre episodul cu Nicu\u0219or Dan blocat la Paris: \u201eEste doar un circ pentru a-l victimiza \u0219i a-l ar\u0103ta c\u00e2t este de modest el\u201d<\/a><\/p>","protected":false},"excerpt":{"rendered":"<p>Avionul Spartan \u00eei are la bord pe membrii delega\u021biei preziden\u021biale \u0219i pe jurnali\u0219tii care l-au&hellip;<\/p>\n","protected":false},"author":0,"featured_media":56696,"comment_status":"open","ping_status":"open","sticky":false,"template":"","format":"standard","meta":{"footnotes":""},"categories":[2],"tags":[],"class_list":["post-56695","post","type-post","status-publish","format-standard","has-post-thumbnail","hentry","category-actual"],"_links":{"self":[{"href":"https:\/\/247stiri.ro\/index.php\/wp-json\/wp\/v2\/posts\/56695","targetHints":{"allow":["GET"]}}],"collection":[{"href":"https:\/\/247stiri.ro\/index.php\/wp-json\/wp\/v2\/posts"}],"about":[{"href":"https:\/\/247stiri.ro\/index.php\/wp-json\/wp\/v2\/types\/post"}],"replies":[{"embeddable":true,"href":"https:\/\/247stiri.ro\/index.php\/wp-json\/wp\/v2\/comments?post=56695"}],"version-history":[{"count":0,"href":"https:\/\/247stiri.ro\/index.php\/wp-json\/wp\/v2\/posts\/56695\/revisions"}],"wp:featuredmedia":[{"embeddable":true,"href":"https:\/\/247stiri.ro\/index.php\/wp-json\/wp\/v2\/media\/56696"}],"wp:attachment":[{"href":"https:\/\/247stiri.ro\/index.php\/wp-json\/wp\/v2\/media?parent=56695"}],"wp:term":[{"taxonomy":"category","embeddable":true,"href":"https:\/\/247stiri.ro\/index.php\/wp-json\/wp\/v2\/categories?post=56695"},{"taxonomy":"post_tag","embeddable":true,"href":"https:\/\/247stiri.ro\/index.php\/wp-json\/wp\/v2\/tags?post=56695"}],"curies":[{"name":"wp","href":"https:\/\/api.w.org\/{rel}","templated":true}]}}